{"id":10174,"date":"2022-08-19T13:47:28","date_gmt":"2022-08-19T11:47:28","guid":{"rendered":"https:\/\/jewsineastprussia.de\/mehlsack-pieniezno\/"},"modified":"2022-08-19T14:07:54","modified_gmt":"2022-08-19T12:07:54","slug":"mehlsack-pieniezno","status":"publish","type":"post","link":"https:\/\/jewsineastprussia.de\/de\/mehlsack-pieniezno\/","title":{"rendered":"Mehlsack \/ Pieni\u0119\u017cno"},"content":{"rendered":"\n<p>Mit Eindr\u00fccken eines Besuchs im August 2022<\/p>\n\n\n\n<figure class=\"wp-block-image size-large\"><img fetchpriority=\"high\" decoding=\"async\" width=\"1024\" height=\"584\" src=\"https:\/\/jewsineastprussia.de\/wp-content\/uploads\/2022\/08\/Mehlsack-Innenstadt.jpg\" alt=\"\" class=\"wp-image-10143\" srcset=\"https:\/\/jewsineastprussia.de\/wp-content\/uploads\/2022\/08\/Mehlsack-Innenstadt.jpg 1024w, https:\/\/jewsineastprussia.de\/wp-content\/uploads\/2022\/08\/Mehlsack-Innenstadt-300x171.jpg 300w, https:\/\/jewsineastprussia.de\/wp-content\/uploads\/2022\/08\/Mehlsack-Innenstadt-768x438.jpg 768w\" sizes=\"(max-width: 1024px) 100vw, 1024px\" \/><\/figure>\n\n\n\n<p>Mehlsack ist ein St\u00e4dtchen in der ostpreussischen Landschaft Ermland, seit 1947 tr\u00e4gt es in Polen den Namen Pieni\u0119\u017cno.<\/p>\n\n\n\n<h4 class=\"wp-block-heading\">Synagoge Mehlsack<\/h4>\n\n\n\n<div class=\"wp-block-image is-style-default\"><figure class=\"alignleft size-full is-resized\"><img decoding=\"async\" src=\"https:\/\/jewsineastprussia.de\/wp-content\/uploads\/2022\/08\/Mehlsack-Ausschnitt-col.jpg\" alt=\"Drawing of Mehlsack inner city\" class=\"wp-image-10149\" width=\"307\" height=\"347\" srcset=\"https:\/\/jewsineastprussia.de\/wp-content\/uploads\/2022\/08\/Mehlsack-Ausschnitt-col.jpg 614w, https:\/\/jewsineastprussia.de\/wp-content\/uploads\/2022\/08\/Mehlsack-Ausschnitt-col-265x300.jpg 265w\" sizes=\"(max-width: 307px) 100vw, 307px\" \/><figcaption>Quelle: Barran, Fritz: St\u00e4dte-Atlas Ostpreussen, Leer 1992, S. 46<\/figcaption><\/figure><\/div>\n\n\n\n<p>Die kleine Backsteinsynagoge wurde 1860 in der damaligen Wormditter Stra\u00dfe errichtet. Anl\u00e4\u00dflich der Er\u00f6ffnung wurde von den Anwesenden der &#8222;Erml\u00e4ndische Aussteuerverein&#8220; gegr\u00fcndet, der arme j\u00fcdische M\u00e4dchen unterst\u00fctzen sollte. Nach der Jahrhundertwende konnte sich die kleine Gemeinde keinen Rabbiner mehr leisten. Die Kultusbeamten wechselten h\u00e4ufig.\u00a01938\u00a0wurde die Synagoge an die \u00f6rtiche Baptistengemeinde verkauft. Trotzdem kam es w\u00e4hrend der Reichspogromnacht zu Verw\u00fcstungen im Inneren des Geb\u00e4udes. W\u00e4hrend der Kampfhandlungen im Fr\u00fchjahr 1945 wurde der Bau vernichtet, die \u00dcberreste sp\u00e4ter planiert. Gegenw\u00e4rtig ist der vermutliche Standort der fr\u00fcheren Synagoge nicht bebaut.<\/p>\n\n\n\n<figure class=\"wp-block-image size-large is-style-default\"><img decoding=\"async\" width=\"1024\" height=\"577\" src=\"https:\/\/jewsineastprussia.de\/wp-content\/uploads\/2022\/08\/Standort-Synagoge-Mehlsack-k.jpg\" alt=\"\" class=\"wp-image-10152\" srcset=\"https:\/\/jewsineastprussia.de\/wp-content\/uploads\/2022\/08\/Standort-Synagoge-Mehlsack-k.jpg 1024w, https:\/\/jewsineastprussia.de\/wp-content\/uploads\/2022\/08\/Standort-Synagoge-Mehlsack-k-300x169.jpg 300w, https:\/\/jewsineastprussia.de\/wp-content\/uploads\/2022\/08\/Standort-Synagoge-Mehlsack-k-768x433.jpg 768w\" sizes=\"(max-width: 1024px) 100vw, 1024px\" \/><figcaption>Zwischen den beiden Strassen kann man Spuren von Fundamenten und Backsteinen sehen.<\/figcaption><\/figure>\n\n\n\n<figure class=\"wp-block-image size-large is-style-default\"><img loading=\"lazy\" decoding=\"async\" width=\"1024\" height=\"578\" src=\"https:\/\/jewsineastprussia.de\/wp-content\/uploads\/2022\/08\/Synagoge-2.jpg\" alt=\"\" class=\"wp-image-10155\" srcset=\"https:\/\/jewsineastprussia.de\/wp-content\/uploads\/2022\/08\/Synagoge-2.jpg 1024w, https:\/\/jewsineastprussia.de\/wp-content\/uploads\/2022\/08\/Synagoge-2-300x169.jpg 300w, https:\/\/jewsineastprussia.de\/wp-content\/uploads\/2022\/08\/Synagoge-2-768x434.jpg 768w\" sizes=\"(max-width: 1024px) 100vw, 1024px\" \/><figcaption>Anblick vom Rathausplatz kommend.<\/figcaption><\/figure>\n\n\n\n<h4 class=\"wp-block-heading\">J\u00fcdischer Friedhof in Pieni\u0119\u017cno (Mehlsack)<\/h4>\n\n\n\n<p>Im 19. Jahrhundert wurde au\u00dferhalb der Stadt, am Rande des Judenbergs, eine j\u00fcdischer Friedhof er\u00f6ffnet. Der auf einem rechteckigen Grundriss angelegte Friedhof hatte eine Fl\u00e4che von etwa 0,2 ha. Auf dem ehemaligen j\u00fcdischen Friedhof befindet sich ein recht gut erhaltener Kriegsfriedhof f\u00fcr sowjetische Soldaten.<\/p>\n\n\n\n<p>Heute befindet sich der Friedhof im nord\u00f6stlichen Teil des st\u00e4dtischen Friedhofs, direkt neben dem st\u00e4dtischen Stadion. Der alte Baumbestand des Friedhofs ist erhalten geblieben. (Angaben von POLIN Virtual Shtetl,  https:\/\/www.sztetl.org.pl\/en\/towns\/p\/1014-pieniezno\/114-cemeteries )<\/p>\n\n\n\n<figure class=\"wp-block-image size-full is-style-default\"><img loading=\"lazy\" decoding=\"async\" width=\"1024\" height=\"632\" src=\"https:\/\/jewsineastprussia.de\/wp-content\/uploads\/2022\/08\/Friedhf-Mehls-1-Gesamt.jpg\" alt=\"Gesamtansicht J\u00fcdischer Friedhof Mehlsack\" class=\"wp-image-10158\" srcset=\"https:\/\/jewsineastprussia.de\/wp-content\/uploads\/2022\/08\/Friedhf-Mehls-1-Gesamt.jpg 1024w, https:\/\/jewsineastprussia.de\/wp-content\/uploads\/2022\/08\/Friedhf-Mehls-1-Gesamt-300x185.jpg 300w, https:\/\/jewsineastprussia.de\/wp-content\/uploads\/2022\/08\/Friedhf-Mehls-1-Gesamt-768x474.jpg 768w\" sizes=\"(max-width: 1024px) 100vw, 1024px\" \/><figcaption>Gesamtansicht des Teilbereiches des kommunalen Friedhofs, der fr\u00fcher f\u00fcr Juden*innen vorgesehen war und auf dem sich heute der sowjetische Soldatenfriedhof mit Denkmal befindet.<\/figcaption><\/figure>\n\n\n\n<figure class=\"wp-block-image size-large is-style-default\"><img loading=\"lazy\" decoding=\"async\" width=\"1024\" height=\"621\" src=\"https:\/\/jewsineastprussia.de\/wp-content\/uploads\/2022\/08\/Friedhf-Mehls-2-Detail-1.jpg\" alt=\"\" class=\"wp-image-10164\" srcset=\"https:\/\/jewsineastprussia.de\/wp-content\/uploads\/2022\/08\/Friedhf-Mehls-2-Detail-1.jpg 1024w, https:\/\/jewsineastprussia.de\/wp-content\/uploads\/2022\/08\/Friedhf-Mehls-2-Detail-1-300x182.jpg 300w, https:\/\/jewsineastprussia.de\/wp-content\/uploads\/2022\/08\/Friedhf-Mehls-2-Detail-1-768x466.jpg 768w\" sizes=\"(max-width: 1024px) 100vw, 1024px\" \/><figcaption>Am Rande kann man klar den alten Baumbestand erkennen.<\/figcaption><\/figure>\n\n\n\n<figure class=\"wp-block-image size-large is-style-default\"><img loading=\"lazy\" decoding=\"async\" width=\"1024\" height=\"578\" src=\"https:\/\/jewsineastprussia.de\/wp-content\/uploads\/2022\/08\/Friedhf-Mehls-Eingang.jpg\" alt=\"Entrance Jewish Cemetery Mehlsack\" class=\"wp-image-10167\" srcset=\"https:\/\/jewsineastprussia.de\/wp-content\/uploads\/2022\/08\/Friedhf-Mehls-Eingang.jpg 1024w, https:\/\/jewsineastprussia.de\/wp-content\/uploads\/2022\/08\/Friedhf-Mehls-Eingang-300x169.jpg 300w, https:\/\/jewsineastprussia.de\/wp-content\/uploads\/2022\/08\/Friedhf-Mehls-Eingang-768x434.jpg 768w\" sizes=\"(max-width: 1024px) 100vw, 1024px\" \/><figcaption>Friedhofseingang am Judenberg.<\/figcaption><\/figure>\n\n\n\n<p><\/p>\n","protected":false},"excerpt":{"rendered":"<p>Die kleine Backsteinsynagoge wurde 1860 in der damaligen Wormditter Stra\u00dfe errichtet.<\/p>\n","protected":false},"author":1,"featured_media":10150,"comment_status":"closed","ping_status":"closed","sticky":false,"template":"","format":"standard","meta":{"footnotes":""},"categories":[73],"tags":[],"class_list":["post-10174","post","type-post","status-publish","format-standard","has-post-thumbnail","hentry","category-polen","entry","has-media"],"_links":{"self":[{"href":"https:\/\/jewsineastprussia.de\/de\/wp-json\/wp\/v2\/posts\/10174","targetHints":{"allow":["GET"]}}],"collection":[{"href":"https:\/\/jewsineastprussia.de\/de\/wp-json\/wp\/v2\/posts"}],"about":[{"href":"https:\/\/jewsineastprussia.de\/de\/wp-json\/wp\/v2\/types\/post"}],"author":[{"embeddable":true,"href":"https:\/\/jewsineastprussia.de\/de\/wp-json\/wp\/v2\/users\/1"}],"replies":[{"embeddable":true,"href":"https:\/\/jewsineastprussia.de\/de\/wp-json\/wp\/v2\/comments?post=10174"}],"version-history":[{"count":3,"href":"https:\/\/jewsineastprussia.de\/de\/wp-json\/wp\/v2\/posts\/10174\/revisions"}],"predecessor-version":[{"id":10178,"href":"https:\/\/jewsineastprussia.de\/de\/wp-json\/wp\/v2\/posts\/10174\/revisions\/10178"}],"wp:featuredmedia":[{"embeddable":true,"href":"https:\/\/jewsineastprussia.de\/de\/wp-json\/wp\/v2\/media\/10150"}],"wp:attachment":[{"href":"https:\/\/jewsineastprussia.de\/de\/wp-json\/wp\/v2\/media?parent=10174"}],"wp:term":[{"taxonomy":"category","embeddable":true,"href":"https:\/\/jewsineastprussia.de\/de\/wp-json\/wp\/v2\/categories?post=10174"},{"taxonomy":"post_tag","embeddable":true,"href":"https:\/\/jewsineastprussia.de\/de\/wp-json\/wp\/v2\/tags?post=10174"}],"curies":[{"name":"wp","href":"https:\/\/api.w.org\/{rel}","templated":true}]}}