{"id":10751,"date":"2023-03-26T00:26:10","date_gmt":"2023-03-25T23:26:10","guid":{"rendered":"https:\/\/jewsineastprussia.de\/intercontinental-memories\/"},"modified":"2023-03-26T00:29:46","modified_gmt":"2023-03-25T23:29:46","slug":"intercontinental-memories","status":"publish","type":"post","link":"https:\/\/jewsineastprussia.de\/de\/intercontinental-memories\/","title":{"rendered":"Interkontinentale Erinnerungen"},"content":{"rendered":"\n<p>In Vorbereitung unserer Ausstellung \u00fcber die Emigration der Juden aus Ostpreu\u00dfen haben wir von neuem Erinnerungsb\u00fccher von Jerry Lindenstrau\u00df (Gumbinnen), Garry Braude und Helga Sandak-Lewin (beide Tilsit) gelesen. Viele dieser B\u00fccher sind in sehr kleinen Verlagen erschienen, andere Fluchtberichte wurden nur in privaten Rahmen ver\u00f6ffentlicht. Wir sind dankbar f\u00fcr weitere Tipps.<\/p>\n\n\n\n<figure class=\"wp-block-image size-large\"><img fetchpriority=\"high\" decoding=\"async\" width=\"1024\" height=\"567\" src=\"https:\/\/jewsineastprussia.de\/wp-content\/uploads\/2023\/03\/3-books-memories-colour-1024x567.jpg\" alt=\"3 book cover emigration from East Prussia\" class=\"wp-image-10748\" srcset=\"https:\/\/jewsineastprussia.de\/wp-content\/uploads\/2023\/03\/3-books-memories-colour-1024x567.jpg 1024w, https:\/\/jewsineastprussia.de\/wp-content\/uploads\/2023\/03\/3-books-memories-colour-300x166.jpg 300w, https:\/\/jewsineastprussia.de\/wp-content\/uploads\/2023\/03\/3-books-memories-colour-768x425.jpg 768w, https:\/\/jewsineastprussia.de\/wp-content\/uploads\/2023\/03\/3-books-memories-colour-1536x851.jpg 1536w, https:\/\/jewsineastprussia.de\/wp-content\/uploads\/2023\/03\/3-books-memories-colour.jpg 1661w\" sizes=\"(max-width: 1024px) 100vw, 1024px\" \/><\/figure>\n","protected":false},"excerpt":{"rendered":"<p>Viele dieser B\u00fccher sind in sehr kleinen Verlagen erschienen, andere Fluchtberichte wurden nur in privaten Rahmen ver\u00f6ffentlicht. Wir sind dankbar f\u00fcr weitere Tipps.<\/p>\n","protected":false},"author":1,"featured_media":10749,"comment_status":"closed","ping_status":"closed","sticky":false,"template":"","format":"standard","meta":{"footnotes":""},"categories":[25],"tags":[244,210,252,246,153,251,247,250,249],"class_list":["post-10751","post","type-post","status-publish","format-standard","has-post-thumbnail","hentry","category-unkategorisiert","tag-braude-de","tag-emigration-de","tag-erinnerungen","tag-fabian-de","tag-jmkaliningrad","tag-juden-in-ostpreussen","tag-lindenstraus-de","tag-ostpreussen-2","tag-sandal-lewin-de","entry","has-media"],"_links":{"self":[{"href":"https:\/\/jewsineastprussia.de\/de\/wp-json\/wp\/v2\/posts\/10751","targetHints":{"allow":["GET"]}}],"collection":[{"href":"https:\/\/jewsineastprussia.de\/de\/wp-json\/wp\/v2\/posts"}],"about":[{"href":"https:\/\/jewsineastprussia.de\/de\/wp-json\/wp\/v2\/types\/post"}],"author":[{"embeddable":true,"href":"https:\/\/jewsineastprussia.de\/de\/wp-json\/wp\/v2\/users\/1"}],"replies":[{"embeddable":true,"href":"https:\/\/jewsineastprussia.de\/de\/wp-json\/wp\/v2\/comments?post=10751"}],"version-history":[{"count":1,"href":"https:\/\/jewsineastprussia.de\/de\/wp-json\/wp\/v2\/posts\/10751\/revisions"}],"predecessor-version":[{"id":10753,"href":"https:\/\/jewsineastprussia.de\/de\/wp-json\/wp\/v2\/posts\/10751\/revisions\/10753"}],"wp:featuredmedia":[{"embeddable":true,"href":"https:\/\/jewsineastprussia.de\/de\/wp-json\/wp\/v2\/media\/10749"}],"wp:attachment":[{"href":"https:\/\/jewsineastprussia.de\/de\/wp-json\/wp\/v2\/media?parent=10751"}],"wp:term":[{"taxonomy":"category","embeddable":true,"href":"https:\/\/jewsineastprussia.de\/de\/wp-json\/wp\/v2\/categories?post=10751"},{"taxonomy":"post_tag","embeddable":true,"href":"https:\/\/jewsineastprussia.de\/de\/wp-json\/wp\/v2\/tags?post=10751"}],"curies":[{"name":"wp","href":"https:\/\/api.w.org\/{rel}","templated":true}]}}