{"id":10761,"date":"2023-04-18T02:35:03","date_gmt":"2023-04-18T00:35:03","guid":{"rendered":"https:\/\/jewsineastprussia.de\/farewell-to-konigsberg-2\/"},"modified":"2023-04-18T02:41:54","modified_gmt":"2023-04-18T00:41:54","slug":"farewell-to-konigsberg-2","status":"publish","type":"post","link":"https:\/\/jewsineastprussia.de\/de\/farewell-to-konigsberg-2\/","title":{"rendered":"Abschied von K\u00f6nigsberg"},"content":{"rendered":"\n<h2 class=\"wp-block-heading\">Die Vertreibung der Juden aus der ostpreu\u00dfischen Region ab 1933<\/h2>\n\n\n\n<p>Eine neue Sonderausstellung befasst sich mit der Flucht und Emigration der Juden aus Ostpreussen. Dabei werden, neben Pers\u00f6nlichkeiten aus K\u00f6nigsberg, Familiengeschichten aus Tilsit, Gumbinnen, Insterburg, Eydtkuhnen und Gro\u00df Kakschen vorgestellt. Die Ausstellung, die im Mai 2023 im J\u00fcdischen Museum in Kaliningrad er\u00f6ffnet wird, soll nach der Sommersaison auch in andere St\u00e4dte wandern.<\/p>\n\n\n<div class=\"wp-block-image\">\n<figure class=\"aligncenter size-full\"><img fetchpriority=\"high\" decoding=\"async\" width=\"700\" height=\"706\" src=\"https:\/\/jewsineastprussia.de\/wp-content\/uploads\/2023\/04\/Plakat-Ausschnitt-L.jpg\" alt=\"\" class=\"wp-image-10756\" srcset=\"https:\/\/jewsineastprussia.de\/wp-content\/uploads\/2023\/04\/Plakat-Ausschnitt-L.jpg 700w, https:\/\/jewsineastprussia.de\/wp-content\/uploads\/2023\/04\/Plakat-Ausschnitt-L-297x300.jpg 297w, https:\/\/jewsineastprussia.de\/wp-content\/uploads\/2023\/04\/Plakat-Ausschnitt-L-150x150.jpg 150w\" sizes=\"(max-width: 700px) 100vw, 700px\" \/><\/figure>\n<\/div>\n\n\n<p class=\"has-text-align-center\">Ausschnitt vom Ausstellungsplakat<\/p>\n\n\n\n<p>#jmkaliningrad #Abschied #Judeninostpreussen<\/p>\n","protected":false},"excerpt":{"rendered":"<p>Eine neue Sonderausstellung befasst sich mit der Flucht und Emigration der Juden aus Ostpreussen. Die Ausstellung, die im Mai 2023 im J\u00fcdischen Museum in Kaliningrad er\u00f6ffnet wird, soll nach der Sommersaison auch in andere St\u00e4dte wandern.<\/p>\n","protected":false},"author":1,"featured_media":10759,"comment_status":"closed","ping_status":"closed","sticky":false,"template":"","format":"standard","meta":{"footnotes":""},"categories":[72,141],"tags":[210,256,257,212,213,258,218],"class_list":["post-10761","post","type-post","status-publish","format-standard","has-post-thumbnail","hentry","category-kaliningrader-region-russland","category-veranstaltungen-de","tag-emigration-de","tag-expulsion-de","tag-farewell-de","tag-gumbinnen-de","tag-insterburg-de","tag-tempory-exhibition-de","tag-tilsit-de","entry","has-media"],"_links":{"self":[{"href":"https:\/\/jewsineastprussia.de\/de\/wp-json\/wp\/v2\/posts\/10761","targetHints":{"allow":["GET"]}}],"collection":[{"href":"https:\/\/jewsineastprussia.de\/de\/wp-json\/wp\/v2\/posts"}],"about":[{"href":"https:\/\/jewsineastprussia.de\/de\/wp-json\/wp\/v2\/types\/post"}],"author":[{"embeddable":true,"href":"https:\/\/jewsineastprussia.de\/de\/wp-json\/wp\/v2\/users\/1"}],"replies":[{"embeddable":true,"href":"https:\/\/jewsineastprussia.de\/de\/wp-json\/wp\/v2\/comments?post=10761"}],"version-history":[{"count":1,"href":"https:\/\/jewsineastprussia.de\/de\/wp-json\/wp\/v2\/posts\/10761\/revisions"}],"predecessor-version":[{"id":10763,"href":"https:\/\/jewsineastprussia.de\/de\/wp-json\/wp\/v2\/posts\/10761\/revisions\/10763"}],"wp:featuredmedia":[{"embeddable":true,"href":"https:\/\/jewsineastprussia.de\/de\/wp-json\/wp\/v2\/media\/10759"}],"wp:attachment":[{"href":"https:\/\/jewsineastprussia.de\/de\/wp-json\/wp\/v2\/media?parent=10761"}],"wp:term":[{"taxonomy":"category","embeddable":true,"href":"https:\/\/jewsineastprussia.de\/de\/wp-json\/wp\/v2\/categories?post=10761"},{"taxonomy":"post_tag","embeddable":true,"href":"https:\/\/jewsineastprussia.de\/de\/wp-json\/wp\/v2\/tags?post=10761"}],"curies":[{"name":"wp","href":"https:\/\/api.w.org\/{rel}","templated":true}]}}