{"id":10769,"date":"2023-05-01T01:03:48","date_gmt":"2023-04-30T23:03:48","guid":{"rendered":"https:\/\/jewsineastprussia.de\/farewell-to-koenigsberg\/"},"modified":"2023-05-01T10:24:29","modified_gmt":"2023-05-01T08:24:29","slug":"farewell-to-koenigsberg","status":"publish","type":"post","link":"https:\/\/jewsineastprussia.de\/de\/farewell-to-koenigsberg\/","title":{"rendered":"Abschied von K\u00f6nigsberg"},"content":{"rendered":"\n<p>Die erste Sonderausstellung seit der Er\u00f6ffnung des J\u00fcdischen Museums in der Synagoge von Kaliningrad ist vor Ort angekommen. Der \u201eVerein Juden in Ostpreussen\u201c hat diese der Museumsdirektorin \u00fcbergeben. Die Ausstellung \u201eAbschied von K\u00f6nigsberg\u201c erz\u00e4hlt die Schicksale von Juden aus der Region K\u00f6nigsberg, die ab 1933 Deutschland verlassen haben. Diese Ausstellung wird demn\u00e4chst in Kaliningrad und sp\u00e4ter in weiteren Orten der Region gezeigt werden.<\/p>\n\n\n\n<figure class=\"wp-block-image size-full\"><img fetchpriority=\"high\" decoding=\"async\" width=\"1024\" height=\"808\" src=\"https:\/\/jewsineastprussia.de\/wp-content\/uploads\/2023\/05\/Arrival-Kaliningrad.jpg\" alt=\"Rollup aus der Ausstellung &quot;Abschied aus K\u00f6nigsberg&quot;, daneben drei Personen, im Hintergrund hinter einem Gew\u00e4sser ist die Kaliningrader Synagoge mit dem alten Israelitischen Waisenhaus links daneben.\" class=\"wp-image-10766\" srcset=\"https:\/\/jewsineastprussia.de\/wp-content\/uploads\/2023\/05\/Arrival-Kaliningrad.jpg 1024w, https:\/\/jewsineastprussia.de\/wp-content\/uploads\/2023\/05\/Arrival-Kaliningrad-300x237.jpg 300w, https:\/\/jewsineastprussia.de\/wp-content\/uploads\/2023\/05\/Arrival-Kaliningrad-768x606.jpg 768w\" sizes=\"(max-width: 1024px) 100vw, 1024px\" \/><figcaption class=\"wp-element-caption\">Julia Oisboit (Museumsdirektorin), Ruth Leiserowitz (Kuratorin), Michael Leiserowitz (Mitgl. im Vorstand) <\/figcaption><\/figure>\n\n\n\n<p>Wir bedanken uns bei den Familien, die uns einen Einblick in ihre Familienalben gew\u00e4hrten und dadurch diese Ausstellung erm\u00f6glichten. Manche Bilder werden zum ersten Mal der \u00d6ffentlichkeit vorgestellt.<\/p>\n\n\n\n<p>Die Nachfahren von<\/p>\n\n\n\n<p>Erna and Simon Echt (aus Insterburg, Nachfahren in S\u00fcdafrika)<\/p>\n\n\n\n<p>Margarethe and Hugo Falkenheim (Mediziner und langj\u00e4hriger Gemeindevorsitzender in K\u00f6nigsberg);<\/p>\n\n\n\n<p>Paul Jacobi, Julius Jakobi and Konrad Jakoby (Rechtsanw\u00e4lte);<\/p>\n\n\n\n<p>Hans Georg Leiserowitz (Hachshara)<\/p>\n\n\n\n<p>Family Lindenstrauss (aus Gumbinnen)<\/p>\n\n\n\n<p>Minna and Bernhard Rubinstein (Eydtkuhnen).<\/p>\n\n\n\n<p>Luise and Gabriel Wollheim (Kantor von K\u00f6nigsberg)<\/p>\n\n\n\n<p><a href=\"https:\/\/www.facebook.com\/hashtag\/jmkaliningrad?__eep__=6&amp;__cft__[0]=AZUZ-uNWMal2CLB61nlYcZPBTa1cKczXHd5ZyUkKOia7lWYQ9nXWeI77CNs0whd53fvjZ3H4Fg0qk57CmDiSvfqbndEkEjzJC_ZyJ7MHGZtoFzq1RQBWKXE7qVz3t4Rn64c2I1A8OwSdnsAR0U9XRdslocXoHDEeYEBI51MRv-pJQ4Cb3hLN7Q1WsLgjj7Ic1o0&amp;__tn__=*NK-R\">#jmkaliningrad<\/a><a href=\"https:\/\/www.facebook.com\/hashtag\/k%C3%B6nigsberg?__eep__=6&amp;__cft__[0]=AZUZ-uNWMal2CLB61nlYcZPBTa1cKczXHd5ZyUkKOia7lWYQ9nXWeI77CNs0whd53fvjZ3H4Fg0qk57CmDiSvfqbndEkEjzJC_ZyJ7MHGZtoFzq1RQBWKXE7qVz3t4Rn64c2I1A8OwSdnsAR0U9XRdslocXoHDEeYEBI51MRv-pJQ4Cb3hLN7Q1WsLgjj7Ic1o0&amp;__tn__=*NK-R\">#k\u00f6nigsberg<\/a><a href=\"https:\/\/www.facebook.com\/hashtag\/kaliningrad?__eep__=6&amp;__cft__[0]=AZUZ-uNWMal2CLB61nlYcZPBTa1cKczXHd5ZyUkKOia7lWYQ9nXWeI77CNs0whd53fvjZ3H4Fg0qk57CmDiSvfqbndEkEjzJC_ZyJ7MHGZtoFzq1RQBWKXE7qVz3t4Rn64c2I1A8OwSdnsAR0U9XRdslocXoHDEeYEBI51MRv-pJQ4Cb3hLN7Q1WsLgjj7Ic1o0&amp;__tn__=*NK-R\">#kaliningrad<\/a><a href=\"https:\/\/www.facebook.com\/hashtag\/jewsineastprussia?__eep__=6&amp;__cft__[0]=AZUZ-uNWMal2CLB61nlYcZPBTa1cKczXHd5ZyUkKOia7lWYQ9nXWeI77CNs0whd53fvjZ3H4Fg0qk57CmDiSvfqbndEkEjzJC_ZyJ7MHGZtoFzq1RQBWKXE7qVz3t4Rn64c2I1A8OwSdnsAR0U9XRdslocXoHDEeYEBI51MRv-pJQ4Cb3hLN7Q1WsLgjj7Ic1o0&amp;__tn__=*NK-R\">#jewsineastprussia<\/a><a href=\"https:\/\/www.facebook.com\/hashtag\/migration?__eep__=6&amp;__cft__[0]=AZUZ-uNWMal2CLB61nlYcZPBTa1cKczXHd5ZyUkKOia7lWYQ9nXWeI77CNs0whd53fvjZ3H4Fg0qk57CmDiSvfqbndEkEjzJC_ZyJ7MHGZtoFzq1RQBWKXE7qVz3t4Rn64c2I1A8OwSdnsAR0U9XRdslocXoHDEeYEBI51MRv-pJQ4Cb3hLN7Q1WsLgjj7Ic1o0&amp;__tn__=*NK-R\">#migration<\/a><a href=\"https:\/\/www.facebook.com\/hashtag\/jewishmuseum?__eep__=6&amp;__cft__[0]=AZUZ-uNWMal2CLB61nlYcZPBTa1cKczXHd5ZyUkKOia7lWYQ9nXWeI77CNs0whd53fvjZ3H4Fg0qk57CmDiSvfqbndEkEjzJC_ZyJ7MHGZtoFzq1RQBWKXE7qVz3t4Rn64c2I1A8OwSdnsAR0U9XRdslocXoHDEeYEBI51MRv-pJQ4Cb3hLN7Q1WsLgjj7Ic1o0&amp;__tn__=*NK-R\">#jewishmuseum<\/a><a href=\"https:\/\/www.facebook.com\/hashtag\/leiserowitz?__eep__=6&amp;__cft__[0]=AZUZ-uNWMal2CLB61nlYcZPBTa1cKczXHd5ZyUkKOia7lWYQ9nXWeI77CNs0whd53fvjZ3H4Fg0qk57CmDiSvfqbndEkEjzJC_ZyJ7MHGZtoFzq1RQBWKXE7qVz3t4Rn64c2I1A8OwSdnsAR0U9XRdslocXoHDEeYEBI51MRv-pJQ4Cb3hLN7Q1WsLgjj7Ic1o0&amp;__tn__=*NK-R\">#leiserowitz<\/a><\/p>\n","protected":false},"excerpt":{"rendered":"<p>Die erste Sonderausstellung seit der Er\u00f6ffnung des J\u00fcdischen Museums in der Synagoge von Kaliningrad ist vor Ort angekommen. Der \u201eVerein Juden in Ostpreussen\u201c hat diese der Museumsdirektorin \u00fcbergeben.<\/p>\n","protected":false},"author":1,"featured_media":10767,"comment_status":"closed","ping_status":"closed","sticky":false,"template":"","format":"standard","meta":{"footnotes":""},"categories":[140,151,135,72,116,75,76,78,123,88],"tags":[210,212,213,153,34,46,49,218],"class_list":["post-10769","post","type-post","status-publish","format-standard","has-post-thumbnail","hentry","category-familiengeschichten-de","category-jewish-museum-kaliningrad-de","category-kaliningrad-region-russia-de","category-kaliningrader-region-russland","category-koenigsberg-kaliningrad-de-2","category-koenigsberg-kaliningrad-de","category-nachrichten-von-der-kaliningrader-synagoge","category-tilsit-sowetsk-de","category-tilsit-sowetsk-de-2","category-vereinsnachrichten","tag-emigration-de","tag-gumbinnen-de","tag-insterburg-de","tag-jmkaliningrad","tag-koenigsberg-de","tag-konigsberg-de","tag-ostpreussen-de","tag-tilsit-de","entry","has-media"],"_links":{"self":[{"href":"https:\/\/jewsineastprussia.de\/de\/wp-json\/wp\/v2\/posts\/10769","targetHints":{"allow":["GET"]}}],"collection":[{"href":"https:\/\/jewsineastprussia.de\/de\/wp-json\/wp\/v2\/posts"}],"about":[{"href":"https:\/\/jewsineastprussia.de\/de\/wp-json\/wp\/v2\/types\/post"}],"author":[{"embeddable":true,"href":"https:\/\/jewsineastprussia.de\/de\/wp-json\/wp\/v2\/users\/1"}],"replies":[{"embeddable":true,"href":"https:\/\/jewsineastprussia.de\/de\/wp-json\/wp\/v2\/comments?post=10769"}],"version-history":[{"count":5,"href":"https:\/\/jewsineastprussia.de\/de\/wp-json\/wp\/v2\/posts\/10769\/revisions"}],"predecessor-version":[{"id":10782,"href":"https:\/\/jewsineastprussia.de\/de\/wp-json\/wp\/v2\/posts\/10769\/revisions\/10782"}],"wp:featuredmedia":[{"embeddable":true,"href":"https:\/\/jewsineastprussia.de\/de\/wp-json\/wp\/v2\/media\/10767"}],"wp:attachment":[{"href":"https:\/\/jewsineastprussia.de\/de\/wp-json\/wp\/v2\/media?parent=10769"}],"wp:term":[{"taxonomy":"category","embeddable":true,"href":"https:\/\/jewsineastprussia.de\/de\/wp-json\/wp\/v2\/categories?post=10769"},{"taxonomy":"post_tag","embeddable":true,"href":"https:\/\/jewsineastprussia.de\/de\/wp-json\/wp\/v2\/tags?post=10769"}],"curies":[{"name":"wp","href":"https:\/\/api.w.org\/{rel}","templated":true}]}}