{"id":10848,"date":"2023-05-22T22:23:13","date_gmt":"2023-05-22T20:23:13","guid":{"rendered":"https:\/\/jewsineastprussia.de\/?p=10848"},"modified":"2023-05-22T22:27:46","modified_gmt":"2023-05-22T20:27:46","slug":"museum-night-2023","status":"publish","type":"post","link":"https:\/\/jewsineastprussia.de\/de\/museum-night-2023\/","title":{"rendered":"Museumsnacht 2023"},"content":{"rendered":"<div class=\"wp-block-image\">\n<figure class=\"aligncenter size-full\"><img fetchpriority=\"high\" decoding=\"async\" width=\"750\" height=\"431\" src=\"https:\/\/jewsineastprussia.de\/wp-content\/uploads\/2023\/05\/Besucher-Kinder.jpg\" alt=\"\" class=\"wp-image-10849\" srcset=\"https:\/\/jewsineastprussia.de\/wp-content\/uploads\/2023\/05\/Besucher-Kinder.jpg 750w, https:\/\/jewsineastprussia.de\/wp-content\/uploads\/2023\/05\/Besucher-Kinder-300x172.jpg 300w\" sizes=\"(max-width: 750px) 100vw, 750px\" \/><\/figure>\n<\/div>\n\n\n<p>Es kamen weit mehr als 100 Besucher zur Museumsnacht am 20. Mai in die Kaliningrader Synagoge. Nicht nur das Museum hatte nachts ge\u00f6ffnet \u2013 es wurden auch F\u00fchrungen durch die Synagoge angeboten, es gab Vortr\u00e4ge und auch die koschere Kantine versorgte die Besucher. Fans, neugierige Erstbesucher und Touristen kamen. Manche sagten sogar, dass sie so nach einer sehr langen Zeitraum f\u00fcr die Familie mal wieder eine Synagoge betr\u00e4ten.<\/p>\n\n\n<div class=\"wp-block-image\">\n<figure class=\"aligncenter size-full\"><img decoding=\"async\" width=\"877\" height=\"469\" src=\"https:\/\/jewsineastprussia.de\/wp-content\/uploads\/2023\/05\/Besucher-Sonderausstellung.jpg\" alt=\"\" class=\"wp-image-10856\" srcset=\"https:\/\/jewsineastprussia.de\/wp-content\/uploads\/2023\/05\/Besucher-Sonderausstellung.jpg 877w, https:\/\/jewsineastprussia.de\/wp-content\/uploads\/2023\/05\/Besucher-Sonderausstellung-300x160.jpg 300w, https:\/\/jewsineastprussia.de\/wp-content\/uploads\/2023\/05\/Besucher-Sonderausstellung-768x411.jpg 768w\" sizes=\"(max-width: 877px) 100vw, 877px\" \/><\/figure>\n<\/div>\n\n\n<p>Die erste Sonderausstellung seit der Er\u00f6ffnung des J\u00fcdischen Museums \u201eAbschied von K\u00f6nigsberg\u201c erz\u00e4hlt die Schicksale von Juden aus der Region K\u00f6nigsberg, die ab 1933 Deutschland verlassen haben. Diese Ausstellung ist mobil und wird sp\u00e4ter in weiteren Orten der Region gezeigt werden, denn sie enth\u00e4lt auch Familiengeschichten aus Tilsit, Gumbinnen, Insterburg, Eydtkuhnen und Gro\u00df Kakschen.<br>Wir bedanken uns bei den Familien, die uns einen Einblick in ihre Familienalben gew\u00e4hrten und dadurch diese Ausstellung erm\u00f6glichten. Manche Bilder werden zum ersten Mal der \u00d6ffentlichkeit vorgestellt.<\/p>\n\n\n<div class=\"wp-block-image\">\n<figure class=\"aligncenter size-full\"><img decoding=\"async\" width=\"1024\" height=\"540\" src=\"https:\/\/jewsineastprussia.de\/wp-content\/uploads\/2023\/05\/Besucher-Videowand.jpg\" alt=\"\" class=\"wp-image-10858\" srcset=\"https:\/\/jewsineastprussia.de\/wp-content\/uploads\/2023\/05\/Besucher-Videowand.jpg 1024w, https:\/\/jewsineastprussia.de\/wp-content\/uploads\/2023\/05\/Besucher-Videowand-300x158.jpg 300w, https:\/\/jewsineastprussia.de\/wp-content\/uploads\/2023\/05\/Besucher-Videowand-768x405.jpg 768w\" sizes=\"(max-width: 1024px) 100vw, 1024px\" \/><\/figure>\n<\/div>\n\n\n<figure class=\"wp-block-image size-full\"><img loading=\"lazy\" decoding=\"async\" width=\"1024\" height=\"556\" src=\"https:\/\/jewsineastprussia.de\/wp-content\/uploads\/2023\/05\/Besucher-totale.jpg\" alt=\"\" class=\"wp-image-10860\" srcset=\"https:\/\/jewsineastprussia.de\/wp-content\/uploads\/2023\/05\/Besucher-totale.jpg 1024w, https:\/\/jewsineastprussia.de\/wp-content\/uploads\/2023\/05\/Besucher-totale-300x163.jpg 300w, https:\/\/jewsineastprussia.de\/wp-content\/uploads\/2023\/05\/Besucher-totale-768x417.jpg 768w\" sizes=\"(max-width: 1024px) 100vw, 1024px\" \/><\/figure>\n\n\n<div class=\"wp-block-image\">\n<figure class=\"aligncenter size-large\"><img loading=\"lazy\" decoding=\"async\" width=\"1024\" height=\"724\" src=\"https:\/\/jewsineastprussia.de\/wp-content\/uploads\/2023\/05\/Post-Koffer-en-1024x724.jpg\" alt=\"\" class=\"wp-image-10826\" srcset=\"https:\/\/jewsineastprussia.de\/wp-content\/uploads\/2023\/05\/Post-Koffer-en-1024x724.jpg 1024w, https:\/\/jewsineastprussia.de\/wp-content\/uploads\/2023\/05\/Post-Koffer-en-300x212.jpg 300w, https:\/\/jewsineastprussia.de\/wp-content\/uploads\/2023\/05\/Post-Koffer-en-768x543.jpg 768w, https:\/\/jewsineastprussia.de\/wp-content\/uploads\/2023\/05\/Post-Koffer-en-1536x1086.jpg 1536w, https:\/\/jewsineastprussia.de\/wp-content\/uploads\/2023\/05\/Post-Koffer-en.jpg 1754w\" sizes=\"(max-width: 1024px) 100vw, 1024px\" \/><\/figure>\n<\/div>","protected":false},"excerpt":{"rendered":"<p>Fans, neugierige Erstbesucher und Touristen kamen. Manche sagten sogar, dass sie so nach einer sehr langen Zeitraum f\u00fcr die Familie mal wieder eine Synagoge betr\u00e4ten.<\/p>\n","protected":false},"author":1,"featured_media":10862,"comment_status":"closed","ping_status":"closed","sticky":false,"template":"","format":"standard","meta":{"footnotes":""},"categories":[152,72,77,141],"tags":[],"class_list":["post-10848","post","type-post","status-publish","format-standard","has-post-thumbnail","hentry","category-juedisches-museum-kaliningrad","category-kaliningrader-region-russland","category-synagoge-koenigsberg","category-veranstaltungen-de","entry","has-media"],"_links":{"self":[{"href":"https:\/\/jewsineastprussia.de\/de\/wp-json\/wp\/v2\/posts\/10848","targetHints":{"allow":["GET"]}}],"collection":[{"href":"https:\/\/jewsineastprussia.de\/de\/wp-json\/wp\/v2\/posts"}],"about":[{"href":"https:\/\/jewsineastprussia.de\/de\/wp-json\/wp\/v2\/types\/post"}],"author":[{"embeddable":true,"href":"https:\/\/jewsineastprussia.de\/de\/wp-json\/wp\/v2\/users\/1"}],"replies":[{"embeddable":true,"href":"https:\/\/jewsineastprussia.de\/de\/wp-json\/wp\/v2\/comments?post=10848"}],"version-history":[{"count":4,"href":"https:\/\/jewsineastprussia.de\/de\/wp-json\/wp\/v2\/posts\/10848\/revisions"}],"predecessor-version":[{"id":10869,"href":"https:\/\/jewsineastprussia.de\/de\/wp-json\/wp\/v2\/posts\/10848\/revisions\/10869"}],"wp:featuredmedia":[{"embeddable":true,"href":"https:\/\/jewsineastprussia.de\/de\/wp-json\/wp\/v2\/media\/10862"}],"wp:attachment":[{"href":"https:\/\/jewsineastprussia.de\/de\/wp-json\/wp\/v2\/media?parent=10848"}],"wp:term":[{"taxonomy":"category","embeddable":true,"href":"https:\/\/jewsineastprussia.de\/de\/wp-json\/wp\/v2\/categories?post=10848"},{"taxonomy":"post_tag","embeddable":true,"href":"https:\/\/jewsineastprussia.de\/de\/wp-json\/wp\/v2\/tags?post=10848"}],"curies":[{"name":"wp","href":"https:\/\/api.w.org\/{rel}","templated":true}]}}