{"id":11067,"date":"2023-08-15T00:42:31","date_gmt":"2023-08-14T22:42:31","guid":{"rendered":"https:\/\/jewsineastprussia.de\/rabbi-moses-nadel\/"},"modified":"2023-08-16T12:32:29","modified_gmt":"2023-08-16T10:32:29","slug":"rabbi-moses-nadel","status":"publish","type":"post","link":"https:\/\/jewsineastprussia.de\/de\/rabbi-moses-nadel\/","title":{"rendered":"Rabbiner Moses Nadel"},"content":{"rendered":"\n<figure class=\"wp-block-image size-medium\"><img fetchpriority=\"high\" decoding=\"async\" width=\"225\" height=\"300\" src=\"https:\/\/jewsineastprussia.de\/wp-content\/uploads\/2023\/08\/Nadel-Moshe-Potrait-225x300.jpg\" alt=\"\" class=\"wp-image-11060\" srcset=\"https:\/\/jewsineastprussia.de\/wp-content\/uploads\/2023\/08\/Nadel-Moshe-Potrait-225x300.jpg 225w, https:\/\/jewsineastprussia.de\/wp-content\/uploads\/2023\/08\/Nadel-Moshe-Potrait-767x1024.jpg 767w, https:\/\/jewsineastprussia.de\/wp-content\/uploads\/2023\/08\/Nadel-Moshe-Potrait-768x1025.jpg 768w, https:\/\/jewsineastprussia.de\/wp-content\/uploads\/2023\/08\/Nadel-Moshe-Potrait.jpg 916w\" sizes=\"(max-width: 225px) 100vw, 225px\" \/><\/figure>\n\n\n\n<p><\/p>\n\n\n\n<p>August 2023: Auf dem J\u00fcdischen Friedhof in Kaliningrad wird bald eine Gedenktafel angebracht, auf der die Namen aller dort begrabenen Rabbiner verzeichnet sind. Einige der Rabbiner stammten aus Litauen und kamen nach K\u00f6nigsberg, um in Krankenh\u00e4usern behandelt zu werden. Einer von ihnen war Rabbi Moses Nadel (1882-1924). Wir k\u00f6nnen seinem Namen ein Gesicht und eine Geschichte geben: Nadel wurde ab. 1882 in Vie\u0161intos (Litauen) geboren, wurde vom Wilnaer Beit Din ordiniert und diente als Schochet und Mohel in Krekenava. Er infizierte sich, als er die Lunge einer kranken Kuh untersuchte. Dann wurde er in ein Krankenhaus gebracht, starb aber dort. Seine Frau starb vor ihm. Das Paar hatte drei Jungen und zwei M\u00e4dchen &#8211; vier Kinder wanderten nach dem Tod des Vaters nach Montreal in Kanada aus. (F\u00fcr die Informationen und das Foto danken wir den Nachfahren Shirley Nadell und Shmuel Baruch Hyman)<\/p>\n\n\n\n<figure class=\"wp-block-image size-full\"><img decoding=\"async\" width=\"853\" height=\"462\" src=\"https:\/\/jewsineastprussia.de\/wp-content\/uploads\/2023\/08\/AlterJFriedh1925.jpg\" alt=\"Old Jewish Cemetry Koenigsberg\" class=\"wp-image-11062\" srcset=\"https:\/\/jewsineastprussia.de\/wp-content\/uploads\/2023\/08\/AlterJFriedh1925.jpg 853w, https:\/\/jewsineastprussia.de\/wp-content\/uploads\/2023\/08\/AlterJFriedh1925-300x162.jpg 300w, https:\/\/jewsineastprussia.de\/wp-content\/uploads\/2023\/08\/AlterJFriedh1925-768x416.jpg 768w\" sizes=\"(max-width: 853px) 100vw, 853px\" \/><figcaption class=\"wp-element-caption\">Eingang des Alten J\u00fcdischen Friedhof in K\u00f6nigsberg, aus einer Publikation 1925 von Josef Rosenthal<\/figcaption><\/figure>\n","protected":false},"excerpt":{"rendered":"<p>Rabbiner Moses Nadel wurde in K\u00f6nigsberg begraben. Wir k\u00f6nnen seinem Namen ein Gesicht und eine Geschichte geben: Nadel wurde ab. 1882 in Vie\u0161intos (Litauen) geboren, wurde vom Vilna Beit Din ordiniert und arbeitete als Schochet und Mohel in Krekenava. <\/p>\n","protected":false},"author":1,"featured_media":11061,"comment_status":"closed","ping_status":"closed","sticky":false,"template":"","format":"standard","meta":{"footnotes":""},"categories":[140,75,74,136],"tags":[],"class_list":["post-11067","post","type-post","status-publish","format-standard","has-post-thumbnail","hentry","category-familiengeschichten-de","category-koenigsberg-kaliningrad-de","category-litauen","category-personlichkeiten","entry","has-media"],"_links":{"self":[{"href":"https:\/\/jewsineastprussia.de\/de\/wp-json\/wp\/v2\/posts\/11067","targetHints":{"allow":["GET"]}}],"collection":[{"href":"https:\/\/jewsineastprussia.de\/de\/wp-json\/wp\/v2\/posts"}],"about":[{"href":"https:\/\/jewsineastprussia.de\/de\/wp-json\/wp\/v2\/types\/post"}],"author":[{"embeddable":true,"href":"https:\/\/jewsineastprussia.de\/de\/wp-json\/wp\/v2\/users\/1"}],"replies":[{"embeddable":true,"href":"https:\/\/jewsineastprussia.de\/de\/wp-json\/wp\/v2\/comments?post=11067"}],"version-history":[{"count":3,"href":"https:\/\/jewsineastprussia.de\/de\/wp-json\/wp\/v2\/posts\/11067\/revisions"}],"predecessor-version":[{"id":11071,"href":"https:\/\/jewsineastprussia.de\/de\/wp-json\/wp\/v2\/posts\/11067\/revisions\/11071"}],"wp:featuredmedia":[{"embeddable":true,"href":"https:\/\/jewsineastprussia.de\/de\/wp-json\/wp\/v2\/media\/11061"}],"wp:attachment":[{"href":"https:\/\/jewsineastprussia.de\/de\/wp-json\/wp\/v2\/media?parent=11067"}],"wp:term":[{"taxonomy":"category","embeddable":true,"href":"https:\/\/jewsineastprussia.de\/de\/wp-json\/wp\/v2\/categories?post=11067"},{"taxonomy":"post_tag","embeddable":true,"href":"https:\/\/jewsineastprussia.de\/de\/wp-json\/wp\/v2\/tags?post=11067"}],"curies":[{"name":"wp","href":"https:\/\/api.w.org\/{rel}","templated":true}]}}