{"id":11264,"date":"2023-11-27T16:37:22","date_gmt":"2023-11-27T15:37:22","guid":{"rendered":"https:\/\/jewsineastprussia.de\/everyday-history-of-jews-in-allenstein\/"},"modified":"2023-11-27T16:51:20","modified_gmt":"2023-11-27T15:51:20","slug":"everyday-history-of-jews-in-allenstein","status":"publish","type":"post","link":"https:\/\/jewsineastprussia.de\/de\/everyday-history-of-jews-in-allenstein\/","title":{"rendered":"Alltagsgeschichte der Juden in Allenstein"},"content":{"rendered":"\n<figure class=\"wp-block-image size-large\"><img fetchpriority=\"high\" decoding=\"async\" width=\"1024\" height=\"695\" src=\"https:\/\/jewsineastprussia.de\/wp-content\/uploads\/2023\/11\/Dom-Mendelsohn-Vortrag-1024x695.jpg\" alt=\"\" class=\"wp-image-11253\" srcset=\"https:\/\/jewsineastprussia.de\/wp-content\/uploads\/2023\/11\/Dom-Mendelsohn-Vortrag-1024x695.jpg 1024w, https:\/\/jewsineastprussia.de\/wp-content\/uploads\/2023\/11\/Dom-Mendelsohn-Vortrag-300x204.jpg 300w, https:\/\/jewsineastprussia.de\/wp-content\/uploads\/2023\/11\/Dom-Mendelsohn-Vortrag-768x521.jpg 768w, https:\/\/jewsineastprussia.de\/wp-content\/uploads\/2023\/11\/Dom-Mendelsohn-Vortrag.jpg 1230w\" sizes=\"(max-width: 1024px) 100vw, 1024px\" \/><\/figure>\n\n\n\n<p>Auf einem Vortrag am 24. November 2023 in Olsztyn (Polen) hat Ruth Leiserowitz dem interessierten Publikum einige neue Erkenntnisse und Funde \u00fcber die j\u00fcdische Stadtgeschichte vorgestellt.<\/p>\n\n\n\n<figure class=\"wp-block-image size-large\"><img decoding=\"async\" width=\"1024\" height=\"576\" src=\"https:\/\/jewsineastprussia.de\/wp-content\/uploads\/2023\/11\/Grumach-Irene-1024x576.jpg\" alt=\"\" class=\"wp-image-11255\" srcset=\"https:\/\/jewsineastprussia.de\/wp-content\/uploads\/2023\/11\/Grumach-Irene-1024x576.jpg 1024w, https:\/\/jewsineastprussia.de\/wp-content\/uploads\/2023\/11\/Grumach-Irene-300x169.jpg 300w, https:\/\/jewsineastprussia.de\/wp-content\/uploads\/2023\/11\/Grumach-Irene-768x432.jpg 768w, https:\/\/jewsineastprussia.de\/wp-content\/uploads\/2023\/11\/Grumach-Irene-800x450.jpg 800w, https:\/\/jewsineastprussia.de\/wp-content\/uploads\/2023\/11\/Grumach-Irene.jpg 1280w\" sizes=\"(max-width: 1024px) 100vw, 1024px\" \/><\/figure>\n\n\n\n<p>In Jerusalem im Beit Moses haben wir Irene Shirun-Grumach sel. A. kennengelernt.<\/p>\n\n\n\n<figure class=\"wp-block-image size-full\"><img decoding=\"async\" width=\"1024\" height=\"715\" src=\"https:\/\/jewsineastprussia.de\/wp-content\/uploads\/2023\/11\/Dom-Mendelsohn-Plakat.jpg\" alt=\"\" class=\"wp-image-11257\" srcset=\"https:\/\/jewsineastprussia.de\/wp-content\/uploads\/2023\/11\/Dom-Mendelsohn-Plakat.jpg 1024w, https:\/\/jewsineastprussia.de\/wp-content\/uploads\/2023\/11\/Dom-Mendelsohn-Plakat-300x209.jpg 300w, https:\/\/jewsineastprussia.de\/wp-content\/uploads\/2023\/11\/Dom-Mendelsohn-Plakat-768x536.jpg 768w\" sizes=\"(max-width: 1024px) 100vw, 1024px\" \/><\/figure>\n\n\n\n<p>In den Memoiren von Friederike Grumach geb. Mendelsohn erz\u00e4hlt sie in plastischen Beschreibungen viel von der Alltagsgeschichte der Juden in Allenstein im sp\u00e4ten 19. Jh.<\/p>\n\n\n\n<figure class=\"wp-block-image size-large\"><img loading=\"lazy\" decoding=\"async\" width=\"1024\" height=\"626\" src=\"https:\/\/jewsineastprussia.de\/wp-content\/uploads\/2019\/03\/Kollage-Simonsohn-shop-1024x626.jpg\" alt=\"Simonsohn Shop\" class=\"wp-image-3465\" srcset=\"https:\/\/jewsineastprussia.de\/wp-content\/uploads\/2019\/03\/Kollage-Simonsohn-shop-1024x626.jpg 1024w, https:\/\/jewsineastprussia.de\/wp-content\/uploads\/2019\/03\/Kollage-Simonsohn-shop-300x184.jpg 300w, https:\/\/jewsineastprussia.de\/wp-content\/uploads\/2019\/03\/Kollage-Simonsohn-shop-768x470.jpg 768w, https:\/\/jewsineastprussia.de\/wp-content\/uploads\/2019\/03\/Kollage-Simonsohn-shop.jpg 1200w\" sizes=\"(max-width: 1024px) 100vw, 1024px\" \/><\/figure>\n\n\n\n<p>In den Memoiren erz\u00e4hlte Friederike Grumach von ihrer sch\u00f6ne Tante Paulutta, die in das in Allenstein bekannte Textilgesch\u00e4ft der Gebr. Simonson einheiratete.<\/p>\n\n\n\n<figure class=\"wp-block-image size-large\"><img loading=\"lazy\" decoding=\"async\" width=\"1024\" height=\"606\" src=\"https:\/\/jewsineastprussia.de\/wp-content\/uploads\/2023\/11\/Tonn-Isidor-Marianne-1024x606.jpg\" alt=\"\" class=\"wp-image-11259\" srcset=\"https:\/\/jewsineastprussia.de\/wp-content\/uploads\/2023\/11\/Tonn-Isidor-Marianne-1024x606.jpg 1024w, https:\/\/jewsineastprussia.de\/wp-content\/uploads\/2023\/11\/Tonn-Isidor-Marianne-300x178.jpg 300w, https:\/\/jewsineastprussia.de\/wp-content\/uploads\/2023\/11\/Tonn-Isidor-Marianne-768x455.jpg 768w, https:\/\/jewsineastprussia.de\/wp-content\/uploads\/2023\/11\/Tonn-Isidor-Marianne.jpg 1149w\" sizes=\"(max-width: 1024px) 100vw, 1024px\" \/><\/figure>\n\n\n\n<p>Zum ersten Mal wurde ein Bild des Rabbiner-Ehepaars Tonn gezeigt, das hier in Allenstein t\u00e4tig war.<\/p>\n","protected":false},"excerpt":{"rendered":"<p>Auf einem Vortrag am 24. November in Olsztyn (Polen) hat Ruth Leiserowitz dem interessierten Publikum einige neue Erkenntnisse und Funde \u00fcber die j\u00fcdische Stadtgeschichte vorgestellt.<\/p>\n","protected":false},"author":1,"featured_media":11262,"comment_status":"closed","ping_status":"closed","sticky":false,"template":"","format":"standard","meta":{"footnotes":""},"categories":[132,140,136,141],"tags":[293,294,295,296,49],"class_list":["post-11264","post","type-post","status-publish","format-standard","has-post-thumbnail","hentry","category-allenstein-olsztyn-de-2","category-familiengeschichten-de","category-personlichkeiten","category-veranstaltungen-de","tag-allenstein-de","tag-borrussiaolsztyn-de","tag-mendelsohnfestival-de","tag-olsztyn-de","tag-ostpreussen-de","entry","has-media"],"_links":{"self":[{"href":"https:\/\/jewsineastprussia.de\/de\/wp-json\/wp\/v2\/posts\/11264","targetHints":{"allow":["GET"]}}],"collection":[{"href":"https:\/\/jewsineastprussia.de\/de\/wp-json\/wp\/v2\/posts"}],"about":[{"href":"https:\/\/jewsineastprussia.de\/de\/wp-json\/wp\/v2\/types\/post"}],"author":[{"embeddable":true,"href":"https:\/\/jewsineastprussia.de\/de\/wp-json\/wp\/v2\/users\/1"}],"replies":[{"embeddable":true,"href":"https:\/\/jewsineastprussia.de\/de\/wp-json\/wp\/v2\/comments?post=11264"}],"version-history":[{"count":2,"href":"https:\/\/jewsineastprussia.de\/de\/wp-json\/wp\/v2\/posts\/11264\/revisions"}],"predecessor-version":[{"id":11268,"href":"https:\/\/jewsineastprussia.de\/de\/wp-json\/wp\/v2\/posts\/11264\/revisions\/11268"}],"wp:featuredmedia":[{"embeddable":true,"href":"https:\/\/jewsineastprussia.de\/de\/wp-json\/wp\/v2\/media\/11262"}],"wp:attachment":[{"href":"https:\/\/jewsineastprussia.de\/de\/wp-json\/wp\/v2\/media?parent=11264"}],"wp:term":[{"taxonomy":"category","embeddable":true,"href":"https:\/\/jewsineastprussia.de\/de\/wp-json\/wp\/v2\/categories?post=11264"},{"taxonomy":"post_tag","embeddable":true,"href":"https:\/\/jewsineastprussia.de\/de\/wp-json\/wp\/v2\/tags?post=11264"}],"curies":[{"name":"wp","href":"https:\/\/api.w.org\/{rel}","templated":true}]}}