{"id":11380,"date":"2024-03-02T20:58:07","date_gmt":"2024-03-02T19:58:07","guid":{"rendered":"https:\/\/jewsineastprussia.de\/new-project-jews-of-wartenburg-today-barczewo\/"},"modified":"2024-03-03T00:17:52","modified_gmt":"2024-03-02T23:17:52","slug":"new-project-jews-of-wartenburg-today-barczewo","status":"publish","type":"post","link":"https:\/\/jewsineastprussia.de\/de\/new-project-jews-of-wartenburg-today-barczewo\/","title":{"rendered":"Neues Projekt &#8211; Juden aus Wartenburg (heute Barczewo)"},"content":{"rendered":"\n<p><\/p>\n\n\n<div class=\"wp-block-image\">\n<figure class=\"aligncenter size-large is-resized\"><img fetchpriority=\"high\" decoding=\"async\" src=\"https:\/\/jewsineastprussia.de\/wp-content\/uploads\/2024\/03\/Barczewo_synagoga_1988-1024x709.jpg\" alt=\"\" class=\"wp-image-11375\" width=\"768\" height=\"532\" srcset=\"https:\/\/jewsineastprussia.de\/wp-content\/uploads\/2024\/03\/Barczewo_synagoga_1988-1024x709.jpg 1024w, https:\/\/jewsineastprussia.de\/wp-content\/uploads\/2024\/03\/Barczewo_synagoga_1988-300x208.jpg 300w, https:\/\/jewsineastprussia.de\/wp-content\/uploads\/2024\/03\/Barczewo_synagoga_1988-768x532.jpg 768w, https:\/\/jewsineastprussia.de\/wp-content\/uploads\/2024\/03\/Barczewo_synagoga_1988-1536x1064.jpg 1536w, https:\/\/jewsineastprussia.de\/wp-content\/uploads\/2024\/03\/Barczewo_synagoga_1988.jpg 1711w\" sizes=\"(max-width: 768px) 100vw, 768px\" \/><\/figure>\n<\/div>\n\n\n<p>Auf der Genealogie-Website geni.com wurde ein neues Projekt &#8222;Jews of Wartenburg, (today Barczewo)&#8220; erstellt, in dem Sie etwas \u00fcber die Familien der j\u00fcdischen Gemeinde erfahren, Familiendokumente einsehen und eventuell selbst Personen hinzuf\u00fcgen k\u00f6nnen.<br><a rel=\"noreferrer noopener\" href=\"https:\/\/www.geni.com\/projects\/Jews-of-Wartenburg-today-Barczewo\/4498325\" target=\"_blank\">Link zu der Projekt-Seite (EN) auf geni.com &gt;&gt;<\/a><br>Um 1770 gab es bereits einige Juden in Wartenburg. Lange Zeit geh\u00f6rten die Wartenburger Juden zur Gemeinde des Kreises Allenstein. Erst 1862 erhielten sie die Erlaubnis, eine eigene Gemeinde zu bilden. Im Jahr 1894 weihten sie ihre Synagoge ein, die sie mit eigenen Mitteln gebaut hatten.<\/p>\n\n\n<div class=\"wp-block-image\">\n<figure class=\"aligncenter size-full\"><img decoding=\"async\" width=\"1000\" height=\"597\" src=\"https:\/\/jewsineastprussia.de\/wp-content\/uploads\/2024\/03\/Wartenburg-01-txt.jpg\" alt=\"\" class=\"wp-image-11386\" srcset=\"https:\/\/jewsineastprussia.de\/wp-content\/uploads\/2024\/03\/Wartenburg-01-txt.jpg 1000w, https:\/\/jewsineastprussia.de\/wp-content\/uploads\/2024\/03\/Wartenburg-01-txt-300x179.jpg 300w, https:\/\/jewsineastprussia.de\/wp-content\/uploads\/2024\/03\/Wartenburg-01-txt-768x458.jpg 768w\" sizes=\"(max-width: 1000px) 100vw, 1000px\" \/><\/figure>\n<\/div>\n\n\n<p>Die Synagoge wird derzeit renoviert. Um die Wiederer\u00f6ffnung zu feiern, suchen wir Bilder und Dokumente der Familien, die fr\u00fcher in Wartenburg lebten.<br><br>Abb.: commons.wikimedia.org \/ Spotkania z Zabytkami, nr 1\/1989r und 2016 Leiserowitz \/ Juden in Ostpreussen e.V.<br><br>#jewsineastprussia #Wartenburg #synagogabarczewo #Judeninostpreussen<\/p>\n","protected":false},"excerpt":{"rendered":"<p>Um die Wiederer\u00f6ffnung zu feiern, suchen wir Bilder und Dokumente der Familien, die fr\u00fcher in Wartenburg lebten.<\/p>\n","protected":false},"author":1,"featured_media":11376,"comment_status":"closed","ping_status":"closed","sticky":false,"template":"","format":"standard","meta":{"footnotes":""},"categories":[73,88],"tags":[],"class_list":["post-11380","post","type-post","status-publish","format-standard","has-post-thumbnail","hentry","category-polen","category-vereinsnachrichten","entry","has-media"],"_links":{"self":[{"href":"https:\/\/jewsineastprussia.de\/de\/wp-json\/wp\/v2\/posts\/11380","targetHints":{"allow":["GET"]}}],"collection":[{"href":"https:\/\/jewsineastprussia.de\/de\/wp-json\/wp\/v2\/posts"}],"about":[{"href":"https:\/\/jewsineastprussia.de\/de\/wp-json\/wp\/v2\/types\/post"}],"author":[{"embeddable":true,"href":"https:\/\/jewsineastprussia.de\/de\/wp-json\/wp\/v2\/users\/1"}],"replies":[{"embeddable":true,"href":"https:\/\/jewsineastprussia.de\/de\/wp-json\/wp\/v2\/comments?post=11380"}],"version-history":[{"count":4,"href":"https:\/\/jewsineastprussia.de\/de\/wp-json\/wp\/v2\/posts\/11380\/revisions"}],"predecessor-version":[{"id":11390,"href":"https:\/\/jewsineastprussia.de\/de\/wp-json\/wp\/v2\/posts\/11380\/revisions\/11390"}],"wp:featuredmedia":[{"embeddable":true,"href":"https:\/\/jewsineastprussia.de\/de\/wp-json\/wp\/v2\/media\/11376"}],"wp:attachment":[{"href":"https:\/\/jewsineastprussia.de\/de\/wp-json\/wp\/v2\/media?parent=11380"}],"wp:term":[{"taxonomy":"category","embeddable":true,"href":"https:\/\/jewsineastprussia.de\/de\/wp-json\/wp\/v2\/categories?post=11380"},{"taxonomy":"post_tag","embeddable":true,"href":"https:\/\/jewsineastprussia.de\/de\/wp-json\/wp\/v2\/tags?post=11380"}],"curies":[{"name":"wp","href":"https:\/\/api.w.org\/{rel}","templated":true}]}}