{"id":12210,"date":"2025-03-16T20:53:12","date_gmt":"2025-03-16T19:53:12","guid":{"rendered":"https:\/\/jewsineastprussia.de\/jewish-photographers-of-klaipeda-memel\/"},"modified":"2025-03-17T21:59:25","modified_gmt":"2025-03-17T20:59:25","slug":"jewish-photographers-of-klaipeda-memel","status":"publish","type":"post","link":"https:\/\/jewsineastprussia.de\/de\/jewish-photographers-of-klaipeda-memel\/","title":{"rendered":"J\u00fcdische Fotografen in Klaipeda \/ Memel"},"content":{"rendered":"\n<p><\/p>\n\n\n\n<h2 class=\"wp-block-heading\">Nadia Kaplan (geb. Kaplan)<\/h2>\n\n\n\n<h2 class=\"wp-block-heading\">geboren 15.12.1907 in Padubysis (nahe Raseiniai), gest. 13.02.2004 in Vancouver<\/h2>\n\n\n<div class=\"wp-block-image\">\n<figure class=\"aligncenter size-full is-resized\"><img fetchpriority=\"high\" decoding=\"async\" width=\"542\" height=\"428\" src=\"https:\/\/jewsineastprussia.de\/wp-content\/uploads\/2025\/03\/Kaplan-Family-1938-Memel.png\" alt=\"\" class=\"wp-image-12176\" style=\"width:542px;height:auto\" srcset=\"https:\/\/jewsineastprussia.de\/wp-content\/uploads\/2025\/03\/Kaplan-Family-1938-Memel.png 542w, https:\/\/jewsineastprussia.de\/wp-content\/uploads\/2025\/03\/Kaplan-Family-1938-Memel-300x237.png 300w\" sizes=\"(max-width: 542px) 100vw, 542px\" \/><figcaption class=\"wp-element-caption\">Selbstportrait 1938 Memel, erschienen in Zachor Remember, Seit 4, Vancouver, JAN 1996<\/figcaption><\/figure>\n<\/div>\n\n\n<p>Vor dem Ersten Weltkrieg lebte die Familie zeitweise in Memel, nach dem Krieg zog sie dauerhaft dorthin. Nadia Kaplan gab an, dass sie bei <a href=\"https:\/\/www.cameraobscura.lt\/miscellaneous\/the-invisible-girls\" target=\"_blank\" rel=\"noreferrer noopener\">Zina Ida Blumental<\/a> Fotografie studierte und eine Ausbildung bei einem lokalen Fotografen erhielt. In ihren sp\u00e4ten Drei\u00dfigern hatte sie ihr eigenes Fotostudio. Ende 1938 floh die Familie aus Klaipeda nach \u0160iauliai. Mit einem Sugihara-Visum gelang ihnen 1940 die Flucht nach Kanada.<\/p>\n\n\n\n<figure class=\"wp-block-gallery has-nested-images columns-default wp-block-gallery-1 is-layout-flex wp-block-gallery-is-layout-flex\">\n<figure class=\"wp-block-image size-large\"><img decoding=\"async\" width=\"566\" height=\"789\" data-id=\"12181\" src=\"https:\/\/jewsineastprussia.de\/wp-content\/uploads\/2025\/03\/S46_Igor-Kaplan-and-Ivar-Segalowitz-March-1936_by-Nadia-Kaplan.jpg\" alt=\"Igor Kaplan and Ivar Segalowitz March 1936 by Nadia Kaplan\" class=\"wp-image-12181\" srcset=\"https:\/\/jewsineastprussia.de\/wp-content\/uploads\/2025\/03\/S46_Igor-Kaplan-and-Ivar-Segalowitz-March-1936_by-Nadia-Kaplan.jpg 566w, https:\/\/jewsineastprussia.de\/wp-content\/uploads\/2025\/03\/S46_Igor-Kaplan-and-Ivar-Segalowitz-March-1936_by-Nadia-Kaplan-215x300.jpg 215w\" sizes=\"(max-width: 566px) 100vw, 566px\" \/><figcaption class=\"wp-element-caption\">Igor Kaplan und Ivar Segalowitz M\u00e4rz 1936 fot. von Nadia Kaplan<\/figcaption><\/figure>\n\n\n\n<figure class=\"wp-block-image size-large is-style-default\"><img decoding=\"async\" width=\"506\" height=\"800\" data-id=\"12179\" src=\"https:\/\/jewsineastprussia.de\/wp-content\/uploads\/2025\/03\/S65_Ivar-Segalowitz_-by-Nadia-Kaplan_Klaipeda-1938.jpg\" alt=\"Ivar Segalowitz by Nadia Kaplan Klaipeda 1938\" class=\"wp-image-12179\" srcset=\"https:\/\/jewsineastprussia.de\/wp-content\/uploads\/2025\/03\/S65_Ivar-Segalowitz_-by-Nadia-Kaplan_Klaipeda-1938.jpg 506w, https:\/\/jewsineastprussia.de\/wp-content\/uploads\/2025\/03\/S65_Ivar-Segalowitz_-by-Nadia-Kaplan_Klaipeda-1938-190x300.jpg 190w\" sizes=\"(max-width: 506px) 100vw, 506px\" \/><figcaption class=\"wp-element-caption\">Ivar Segalowitz fot. von Nadia Kaplan Klaipeda 1938<\/figcaption><\/figure>\n<\/figure>\n\n\n\n<p>Die erhaltenen Fotos zeigen ihren Sohn Igor Kaplan bei der Einschulung mit seinem Banknachbarn Ivar Segalowitz und ein Studiofoto (1938) von Ivar Segalowitz. Der Enkel William Kaplan ver\u00f6ffentlichte sp\u00e4ter ein <a href=\"https:\/\/librisnotes.blogspot.com\/2014\/11\/one-more-border-true-story-of-one.html\" data-type=\"link\" data-id=\"https:\/\/librisnotes.blogspot.com\/2014\/11\/one-more-border-true-story-of-one.html\" target=\"_blank\" rel=\"noreferrer noopener\">Kinderbuch<\/a> \u00fcber den Flug. Ihre Tochter <a href=\"https:\/\/www.nomikaplanart.com\/biography\/\" data-type=\"link\" data-id=\"https:\/\/www.nomikaplanart.com\/biography\/\" target=\"_blank\" rel=\"noreferrer noopener\">Nomi Kaplan <\/a>wurde eine ber\u00fchmte Fotok\u00fcnstlerin in Kanada.<\/p>\n\n\n\n<h2 class=\"wp-block-heading\">George (Hirsh) Birman<\/h2>\n\n\n\n<h2 class=\"wp-block-heading\">Geb. 1922 in K\u00f6nigsberg, gest. 2009 in New York<\/h2>\n\n\n<div class=\"wp-block-image\">\n<figure class=\"aligncenter size-full is-resized\"><img loading=\"lazy\" decoding=\"async\" width=\"1024\" height=\"768\" src=\"https:\/\/jewsineastprussia.de\/wp-content\/uploads\/2025\/03\/Paula-and-Goerge-Birman-_-New-York-2003-txt.jpg\" alt=\"Paula and Goerge Birman New York 2003\" class=\"wp-image-12183\" style=\"width:400px\" srcset=\"https:\/\/jewsineastprussia.de\/wp-content\/uploads\/2025\/03\/Paula-and-Goerge-Birman-_-New-York-2003-txt.jpg 1024w, https:\/\/jewsineastprussia.de\/wp-content\/uploads\/2025\/03\/Paula-and-Goerge-Birman-_-New-York-2003-txt-300x225.jpg 300w, https:\/\/jewsineastprussia.de\/wp-content\/uploads\/2025\/03\/Paula-and-Goerge-Birman-_-New-York-2003-txt-768x576.jpg 768w\" sizes=\"(max-width: 1024px) 100vw, 1024px\" \/><figcaption class=\"wp-element-caption\">Paula und George Birman, New York 2003<\/figcaption><\/figure>\n<\/div>\n\n\n<p>Er wuchs in Gar\u017egdai auf und besuchte das litauische Gymnasium in Klaipeda. Er reiste meist hin und her, hatte aber auch viele Verwandte in der Stadt, die er regelm\u00e4\u00dfig besuchte. Im Alter von 10 Jahren erhielt er eine Kamera und fotografierte von da an eifrig. Er bewahrte seine Negative w\u00e4hrend seiner Zeit im Ghetto von Kaunas und im Au\u00dfenlager in Kedainiai auf. Viele der Menschen, die er vor dem Krieg fotografiert hatte, kamen im Holocaust um. Ruth Leiserowitz besuchte ihn im Fr\u00fchjahr 2003 in seinem Haus in New York f\u00fcr ein Interview. Damals zeigte er ihr alle seine Fotos und erlaubte ihr, Kopien von einigen anzufertigen. Bei einem sp\u00e4teren Aufenthalt in Berlin besuchte er auch den Verein &#8222;Juden in Ostpreu\u00dfen&#8220;. Heute k\u00f6nnen seine Fotos und sein Nachlass im USHMM (US Holocaust Museum) besichtigt werden.<\/p>\n\n\n\n<figure class=\"wp-block-gallery has-nested-images columns-default wp-block-gallery-2 is-layout-flex wp-block-gallery-is-layout-flex\">\n<figure class=\"wp-block-image size-large\"><img loading=\"lazy\" decoding=\"async\" width=\"306\" height=\"432\" data-id=\"12187\" src=\"https:\/\/jewsineastprussia.de\/wp-content\/uploads\/2025\/03\/George-Birman_March-1939.jpg\" alt=\"Fleeing Jews at the Memel railway station on March 22 1939\" class=\"wp-image-12187\" srcset=\"https:\/\/jewsineastprussia.de\/wp-content\/uploads\/2025\/03\/George-Birman_March-1939.jpg 306w, https:\/\/jewsineastprussia.de\/wp-content\/uploads\/2025\/03\/George-Birman_March-1939-213x300.jpg 213w\" sizes=\"(max-width: 306px) 100vw, 306px\" \/><figcaption class=\"wp-element-caption\">Fliehende Juden im Bahnhof Memel am 22. M\u00e4rz 1939<\/figcaption><\/figure>\n\n\n\n<figure class=\"wp-block-image size-large\"><img loading=\"lazy\" decoding=\"async\" width=\"428\" height=\"305\" data-id=\"12185\" src=\"https:\/\/jewsineastprussia.de\/wp-content\/uploads\/2025\/03\/George-Birman_Summer-1939-rotated.jpg\" alt=\"Summer 1939. A new border between the Memel region, which had been reintegrated into the German Reich, and Lithuania was closed.\" class=\"wp-image-12185\" srcset=\"https:\/\/jewsineastprussia.de\/wp-content\/uploads\/2025\/03\/George-Birman_Summer-1939-rotated.jpg 428w, https:\/\/jewsineastprussia.de\/wp-content\/uploads\/2025\/03\/George-Birman_Summer-1939-300x214.jpg 300w\" sizes=\"(max-width: 428px) 100vw, 428px\" \/><figcaption class=\"wp-element-caption\">Sommer 1939. Eine neue Grenze zwischen dem Memelland und Litauen<\/figcaption><\/figure>\n<\/figure>\n\n\n\n<p>Seine Bilder von fliehenden Juden auf dem Memeler Bahnhof am 22. M\u00e4rz 1939 sind beeindruckend. Eine andere seiner Fotografien spiegelt die Situation im Sommer 1939 wider. Nun war die Grenze zwischen dem Memelgebiet, das wieder in das Deutsche Reich eingegliedert worden war, und Litauen geschlossen.<\/p>\n\n\n\n<div style=\"height:50px\" aria-hidden=\"true\" class=\"wp-block-spacer\"><\/div>\n\n\n\n<p>Im Zusammenarbeit mit dem Projekt <a href=\"https:\/\/www.cameraobscura.lt\/home\">Camera obscura<\/a><\/p>\n\n\n<div class=\"wp-block-image\">\n<figure class=\"alignleft size-medium\"><a href=\"https:\/\/www.cameraobscura.lt\/\" target=\"_blank\" rel=\" noreferrer noopener\"><img loading=\"lazy\" decoding=\"async\" width=\"300\" height=\"207\" src=\"https:\/\/jewsineastprussia.de\/wp-content\/uploads\/2025\/03\/Photo084-300x207.jpg\" alt=\"\" class=\"wp-image-12223\" srcset=\"https:\/\/jewsineastprussia.de\/wp-content\/uploads\/2025\/03\/Photo084-300x207.jpg 300w, https:\/\/jewsineastprussia.de\/wp-content\/uploads\/2025\/03\/Photo084-1024x705.jpg 1024w, https:\/\/jewsineastprussia.de\/wp-content\/uploads\/2025\/03\/Photo084-768x529.jpg 768w, https:\/\/jewsineastprussia.de\/wp-content\/uploads\/2025\/03\/Photo084.jpg 1311w\" sizes=\"(max-width: 300px) 100vw, 300px\" \/><\/a><\/figure>\n<\/div>\n\n\n<p>Camera Obscura ist ein einzigartiges kulturgeschichtliches Forschungsprojekt, das diese litauisch-j\u00fcdischen Fotografien aus der Zeit vor dem Zweiten Weltkrieg w\u00fcrdigt.<br><a href=\"https:\/\/www.cameraobscura.lt\/home\" data-type=\"link\" data-id=\"https:\/\/www.cameraobscura.lt\/home\" target=\"_blank\" rel=\"noreferrer noopener\">Link zu dem Projekt<\/a><\/p>\n\n\n\n<p><\/p>\n","protected":false},"excerpt":{"rendered":"<p>Einige Bemerkungen von uns \u00fcber j\u00fcdische Fotografen. Ein Beitrag zu Camera Obscura, dem Projekt zur Erforschung der Kulturgeschichte und der Provenienz litauischer j\u00fcdischer Fotografien aus der Zeit vor dem Zweiten Weltkrieg.<\/p>\n","protected":false},"author":5,"featured_media":12197,"comment_status":"closed","ping_status":"closed","sticky":false,"template":"","format":"standard","meta":{"footnotes":""},"categories":[140,139,74,372,136],"tags":[373,374,167,375,376,184,179,377,348],"class_list":["post-12210","post","type-post","status-publish","format-standard","has-post-thumbnail","hentry","category-familiengeschichten-de","category-holocaust-und-verfolgung-de","category-litauen","category-memel-klaipeda-de-2","category-personlichkeiten","tag-cameraobscura-de","tag-databrigade-de","tag-holocaust-de","tag-jewsinmemel-de","tag-klaipeda-de","tag-litauen","tag-lithuania-de","tag-memel-de","tag-memelland-de","entry","has-media"],"_links":{"self":[{"href":"https:\/\/jewsineastprussia.de\/de\/wp-json\/wp\/v2\/posts\/12210","targetHints":{"allow":["GET"]}}],"collection":[{"href":"https:\/\/jewsineastprussia.de\/de\/wp-json\/wp\/v2\/posts"}],"about":[{"href":"https:\/\/jewsineastprussia.de\/de\/wp-json\/wp\/v2\/types\/post"}],"author":[{"embeddable":true,"href":"https:\/\/jewsineastprussia.de\/de\/wp-json\/wp\/v2\/users\/5"}],"replies":[{"embeddable":true,"href":"https:\/\/jewsineastprussia.de\/de\/wp-json\/wp\/v2\/comments?post=12210"}],"version-history":[{"count":7,"href":"https:\/\/jewsineastprussia.de\/de\/wp-json\/wp\/v2\/posts\/12210\/revisions"}],"predecessor-version":[{"id":12226,"href":"https:\/\/jewsineastprussia.de\/de\/wp-json\/wp\/v2\/posts\/12210\/revisions\/12226"}],"wp:featuredmedia":[{"embeddable":true,"href":"https:\/\/jewsineastprussia.de\/de\/wp-json\/wp\/v2\/media\/12197"}],"wp:attachment":[{"href":"https:\/\/jewsineastprussia.de\/de\/wp-json\/wp\/v2\/media?parent=12210"}],"wp:term":[{"taxonomy":"category","embeddable":true,"href":"https:\/\/jewsineastprussia.de\/de\/wp-json\/wp\/v2\/categories?post=12210"},{"taxonomy":"post_tag","embeddable":true,"href":"https:\/\/jewsineastprussia.de\/de\/wp-json\/wp\/v2\/tags?post=12210"}],"curies":[{"name":"wp","href":"https:\/\/api.w.org\/{rel}","templated":true}]}}