{"id":12439,"date":"2025-08-16T21:01:54","date_gmt":"2025-08-16T19:01:54","guid":{"rendered":"https:\/\/jewsineastprussia.de\/excursion-east-prussias-border-regions-with-lithuania-part-2\/"},"modified":"2025-08-16T22:45:13","modified_gmt":"2025-08-16T20:45:13","slug":"excursion-east-prussias-border-regions-with-lithuania-part-2","status":"publish","type":"post","link":"https:\/\/jewsineastprussia.de\/de\/excursion-east-prussias-border-regions-with-lithuania-part-2\/","title":{"rendered":"Exkursion: Ostpreu\u00dfens Grenzregionen zu Litauen Teil 2"},"content":{"rendered":"\n<h2 class=\"wp-block-heading\"><strong>3 Tage Exkursion zur J\u00fcdischen Geschichte in Ostpreu\u00dfens Grenzgebieten mit Litauen. Teil 2<\/strong><\/h2>\n\n\n\n<p><strong><strong>Teil 2 29. Juli 2025 Nationalpark \u017demaitija \u2013 Gedenkst\u00e4tte f\u00fcr das Land der Litvaks &#8211; <a>Plateliai<\/a> \u2013 Rund um den Plateliai See \u2013 Museum des Kalten Krieges &#8211; Plunge<\/strong><\/strong><\/p>\n\n\n<div class=\"wp-block-image\">\n<figure class=\"aligncenter size-large is-resized\"><img fetchpriority=\"high\" decoding=\"async\" width=\"1024\" height=\"766\" src=\"https:\/\/jewsineastprussia.de\/wp-content\/uploads\/2025\/08\/Eugenius-Bunka-1024x766.jpg\" alt=\"\" class=\"wp-image-12404\" style=\"width:604px;height:auto\" srcset=\"https:\/\/jewsineastprussia.de\/wp-content\/uploads\/2025\/08\/Eugenius-Bunka-1024x766.jpg 1024w, https:\/\/jewsineastprussia.de\/wp-content\/uploads\/2025\/08\/Eugenius-Bunka-300x225.jpg 300w, https:\/\/jewsineastprussia.de\/wp-content\/uploads\/2025\/08\/Eugenius-Bunka-768x575.jpg 768w, https:\/\/jewsineastprussia.de\/wp-content\/uploads\/2025\/08\/Eugenius-Bunka-1536x1150.jpg 1536w, https:\/\/jewsineastprussia.de\/wp-content\/uploads\/2025\/08\/Eugenius-Bunka-2048x1533.jpg 2048w\" sizes=\"(max-width: 1024px) 100vw, 1024px\" \/><\/figure>\n<\/div>\n\n\n<div class=\"wp-block-columns is-layout-flex wp-container-core-columns-is-layout-9d6595d7 wp-block-columns-is-layout-flex\">\n<div class=\"wp-block-column is-layout-flow wp-block-column-is-layout-flow\">\n<figure class=\"wp-block-image size-full\"><img decoding=\"async\" width=\"1024\" height=\"655\" src=\"https:\/\/jewsineastprussia.de\/wp-content\/uploads\/2025\/08\/Eretz-Litvak.jpg\" alt=\"\" class=\"wp-image-12406\" srcset=\"https:\/\/jewsineastprussia.de\/wp-content\/uploads\/2025\/08\/Eretz-Litvak.jpg 1024w, https:\/\/jewsineastprussia.de\/wp-content\/uploads\/2025\/08\/Eretz-Litvak-300x192.jpg 300w, https:\/\/jewsineastprussia.de\/wp-content\/uploads\/2025\/08\/Eretz-Litvak-768x491.jpg 768w\" sizes=\"(max-width: 1024px) 100vw, 1024px\" \/><\/figure>\n<\/div>\n\n\n\n<div class=\"wp-block-column is-layout-flow wp-block-column-is-layout-flow\">\n<figure class=\"wp-block-image size-large\"><img decoding=\"async\" width=\"1024\" height=\"576\" src=\"https:\/\/jewsineastprussia.de\/wp-content\/uploads\/2025\/08\/Leonidas-Donskis-1024x576.jpg\" alt=\"\" class=\"wp-image-12410\" srcset=\"https:\/\/jewsineastprussia.de\/wp-content\/uploads\/2025\/08\/Leonidas-Donskis-1024x576.jpg 1024w, https:\/\/jewsineastprussia.de\/wp-content\/uploads\/2025\/08\/Leonidas-Donskis-300x169.jpg 300w, https:\/\/jewsineastprussia.de\/wp-content\/uploads\/2025\/08\/Leonidas-Donskis-768x432.jpg 768w, https:\/\/jewsineastprussia.de\/wp-content\/uploads\/2025\/08\/Leonidas-Donskis-1536x864.jpg 1536w, https:\/\/jewsineastprussia.de\/wp-content\/uploads\/2025\/08\/Leonidas-Donskis-2048x1152.jpg 2048w, https:\/\/jewsineastprussia.de\/wp-content\/uploads\/2025\/08\/Leonidas-Donskis-800x450.jpg 800w\" sizes=\"(max-width: 1024px) 100vw, 1024px\" \/><figcaption class=\"wp-element-caption\"><strong>Leonidas Donskis\u00a0<\/strong>(1962 \u2013 2016) <a href=\"https:\/\/en.wikipedia.org\/wiki\/Lithuanian_Jews\">Litauisch-j\u00fcdischer<\/a>\u00a0Philosoph, Politikwissenschaftler, Ideenhistoriker und Sozialanalytiker.<\/figcaption><\/figure>\n<\/div>\n<\/div>\n\n\n\n<p>Das Ziel dieser Exkursion war eine Ferienregion in einer h\u00fcgeligen abgelegenen Landschaft der Zemaitija (Nordwest-Litauen). Wir stie\u00dfen auf unterschiedlichste Attraktionen. Auch in diesen Teil Litauens gab es viele zum Teil sehr bekannte und auch weniger kannte j\u00fcdische Shtetl. Mit <strong>Eugenius Bunka<\/strong>, dem Sohn des letzten Juden von Plunge, <strong>Jakovas Bunka<\/strong>, trafen wir uns in einem Landschaftspark mit Skulpturen n\u00f6rdlich von Plateliai. Dort entsteht ein begehbares Museum unter freien Himmel zum Gedenken an die vielen vernichteten Shtetl Litauens. Der Park ist ein Ausdruck, ein Versuch, den im Jahre 1941 pl\u00f6tzlichen Verlust einer ganzen Bev\u00f6lkerungsgruppe, einer seit Jahrhunderten bestehenden und mit dem Land verbundenen Kultur mit Hilfe von Kunst sichtbar zu machen. Geworben wird um Mittel, um f\u00fcr Shtetl je einen schmiedeeisernen Apfelbaum aufzustellen und an diesen im Gedenken an Personen \u00c4pfel anzubringen. Gro\u00dfe Informationstafeln liefern den Besuchern Zahlen und Hintergrundwissen \u00fcber das Judentum im Land der sogenannten Litvaks.<\/p>\n\n\n<div class=\"wp-block-image\">\n<figure class=\"aligncenter size-large is-resized\"><img loading=\"lazy\" decoding=\"async\" width=\"1024\" height=\"395\" src=\"https:\/\/jewsineastprussia.de\/wp-content\/uploads\/2025\/08\/Jewish-Shtetl-park-1024x395.jpg\" alt=\"\" class=\"wp-image-12412\" style=\"width:783px;height:auto\" srcset=\"https:\/\/jewsineastprussia.de\/wp-content\/uploads\/2025\/08\/Jewish-Shtetl-park-1024x395.jpg 1024w, https:\/\/jewsineastprussia.de\/wp-content\/uploads\/2025\/08\/Jewish-Shtetl-park-300x116.jpg 300w, https:\/\/jewsineastprussia.de\/wp-content\/uploads\/2025\/08\/Jewish-Shtetl-park-768x297.jpg 768w, https:\/\/jewsineastprussia.de\/wp-content\/uploads\/2025\/08\/Jewish-Shtetl-park-1536x593.jpg 1536w, https:\/\/jewsineastprussia.de\/wp-content\/uploads\/2025\/08\/Jewish-Shtetl-park-2048x791.jpg 2048w\" sizes=\"(max-width: 1024px) 100vw, 1024px\" \/><figcaption class=\"wp-element-caption\">Denkmal an das Land der Litwaks, Bild von Facebook Bunka Fund<\/figcaption><\/figure>\n<\/div>\n\n\n<p>Der \u201e<strong>Jakovas Bunka Charity and Sponsorship Fund<\/strong>\u201c ist eine Stiftung, die landesweit Initiativen und Gedenkst\u00e4tten unterst\u00fctzt. Sie stellt z.B. Gedenksteine an Synagogenstandorten auf. <strong>Jakovas Bunka <\/strong>hatte sich entschieden, nach dem Krieg als einziger Hinterbliebener einer Gemeinde Litauen nicht zu verlassen. Er wurde in der Nachkriegszeit ein sehr bekannter Folklore-Holzschnitzer und hat mit seinen Aktionen und der Stiftung das Gedenken an die verlorenen J\u00fcdischen Gemeinden zu seiner Lebensaufgabe gemacht. An der Stelle der Massenerschie\u00dfung und des Massengrabes von <strong>Plateliai<\/strong> konnten wir eine seiner gro\u00dfen Holzschnitzereien sehen, die von Jakovas zu diesem Zweck geschaffen wurden. Der Verein \u201eJuden in Ostpreussen\u201c \u00fcberlegt nach diesem Besuch, ob sie f\u00fcr einen Baum f\u00fcr die Sichtbarmachung der Gemeinde Vistytis \/ Wystiten an der ostpreu\u00dfischen Grenze Mittel einwerben.<\/p>\n\n\n\n<div class=\"wp-block-columns is-layout-flex wp-container-core-columns-is-layout-9d6595d7 wp-block-columns-is-layout-flex\">\n<div class=\"wp-block-column is-layout-flow wp-block-column-is-layout-flow\">\n<figure class=\"wp-block-image size-full\"><img loading=\"lazy\" decoding=\"async\" width=\"1024\" height=\"939\" src=\"https:\/\/jewsineastprussia.de\/wp-content\/uploads\/2025\/08\/Jakovas-Bunka-Statue.jpg\" alt=\"\" class=\"wp-image-12414\" srcset=\"https:\/\/jewsineastprussia.de\/wp-content\/uploads\/2025\/08\/Jakovas-Bunka-Statue.jpg 1024w, https:\/\/jewsineastprussia.de\/wp-content\/uploads\/2025\/08\/Jakovas-Bunka-Statue-300x275.jpg 300w, https:\/\/jewsineastprussia.de\/wp-content\/uploads\/2025\/08\/Jakovas-Bunka-Statue-768x704.jpg 768w\" sizes=\"(max-width: 1024px) 100vw, 1024px\" \/><figcaption class=\"wp-element-caption\">Skulptur auf den H\u00fcgel der Massenerschie\u00dfung in Plateliai<\/figcaption><\/figure>\n<\/div>\n\n\n\n<div class=\"wp-block-column is-layout-flow wp-block-column-is-layout-flow\">\n<figure class=\"wp-block-image size-full\"><img loading=\"lazy\" decoding=\"async\" width=\"1007\" height=\"701\" src=\"https:\/\/jewsineastprussia.de\/wp-content\/uploads\/2025\/08\/Jakov-Bunka.jpg\" alt=\"\" class=\"wp-image-12422\" srcset=\"https:\/\/jewsineastprussia.de\/wp-content\/uploads\/2025\/08\/Jakov-Bunka.jpg 1007w, https:\/\/jewsineastprussia.de\/wp-content\/uploads\/2025\/08\/Jakov-Bunka-300x209.jpg 300w, https:\/\/jewsineastprussia.de\/wp-content\/uploads\/2025\/08\/Jakov-Bunka-768x535.jpg 768w\" sizes=\"(max-width: 1007px) 100vw, 1007px\" \/><figcaption class=\"wp-element-caption\">Jakovas Bunka<\/figcaption><\/figure>\n<\/div>\n<\/div>\n\n\n\n<p>Viele Ferienorte mit Anlegestellen f\u00fcr Boote und Restaurants sind rund um den gro\u00dfen <strong>Plateliai See<\/strong> zu finden. Etwas Besonderes ist ein Besuch des \u201e<strong>Museum des Kalten Krieges<\/strong>\u201c \u2013 denn hier auf der Anh\u00f6he im Bereich der Sowjetunion befand sich eine der Abschusspl\u00e4tze f\u00fcr Atomraketen, die unmittelbar auf westdeutsche St\u00e4dte gerichtet waren und sich in st\u00e4ndiger Einsatzbereitschaft befanden. Das Museum bringt sehr eindr\u00fccklich mit einer Dauerausstellung, Filmen, Audioguides und Originalanlagen die Erinnerung an die Geschehnisse an diese Zeit zur\u00fcck (das h\u00e4ngt nat\u00fcrlich vom Alter der Besucher ab).<\/p>\n\n\n\n<div class=\"wp-block-columns is-layout-flex wp-container-core-columns-is-layout-9d6595d7 wp-block-columns-is-layout-flex\">\n<div class=\"wp-block-column is-layout-flow wp-block-column-is-layout-flow\">\n<figure class=\"wp-block-image size-full\"><img loading=\"lazy\" decoding=\"async\" width=\"1024\" height=\"576\" src=\"https:\/\/jewsineastprussia.de\/wp-content\/uploads\/2025\/08\/See-Plateliai.jpg\" alt=\"\" class=\"wp-image-12420\" srcset=\"https:\/\/jewsineastprussia.de\/wp-content\/uploads\/2025\/08\/See-Plateliai.jpg 1024w, https:\/\/jewsineastprussia.de\/wp-content\/uploads\/2025\/08\/See-Plateliai-300x169.jpg 300w, https:\/\/jewsineastprussia.de\/wp-content\/uploads\/2025\/08\/See-Plateliai-768x432.jpg 768w, https:\/\/jewsineastprussia.de\/wp-content\/uploads\/2025\/08\/See-Plateliai-800x450.jpg 800w\" sizes=\"(max-width: 1024px) 100vw, 1024px\" \/><figcaption class=\"wp-element-caption\">Litauischer Sommer<\/figcaption><\/figure>\n<\/div>\n\n\n\n<div class=\"wp-block-column is-layout-flow wp-block-column-is-layout-flow\">\n<figure class=\"wp-block-image size-full\"><img loading=\"lazy\" decoding=\"async\" width=\"1024\" height=\"577\" src=\"https:\/\/jewsineastprussia.de\/wp-content\/uploads\/2025\/08\/Abschussbasis.jpg\" alt=\"\" class=\"wp-image-12418\" srcset=\"https:\/\/jewsineastprussia.de\/wp-content\/uploads\/2025\/08\/Abschussbasis.jpg 1024w, https:\/\/jewsineastprussia.de\/wp-content\/uploads\/2025\/08\/Abschussbasis-300x169.jpg 300w, https:\/\/jewsineastprussia.de\/wp-content\/uploads\/2025\/08\/Abschussbasis-768x433.jpg 768w, https:\/\/jewsineastprussia.de\/wp-content\/uploads\/2025\/08\/Abschussbasis-800x450.jpg 800w\" sizes=\"(max-width: 1024px) 100vw, 1024px\" \/><figcaption class=\"wp-element-caption\">Ein Blick in den Abgrund, Raketen-Bunker<\/figcaption><\/figure>\n<\/div>\n\n\n\n<div class=\"wp-block-column is-layout-flow wp-block-column-is-layout-flow\">\n<figure class=\"wp-block-image size-full\"><img loading=\"lazy\" decoding=\"async\" width=\"1024\" height=\"577\" src=\"https:\/\/jewsineastprussia.de\/wp-content\/uploads\/2025\/08\/Cold-War-Museum.jpg\" alt=\"\" class=\"wp-image-12416\" srcset=\"https:\/\/jewsineastprussia.de\/wp-content\/uploads\/2025\/08\/Cold-War-Museum.jpg 1024w, https:\/\/jewsineastprussia.de\/wp-content\/uploads\/2025\/08\/Cold-War-Museum-300x169.jpg 300w, https:\/\/jewsineastprussia.de\/wp-content\/uploads\/2025\/08\/Cold-War-Museum-768x433.jpg 768w, https:\/\/jewsineastprussia.de\/wp-content\/uploads\/2025\/08\/Cold-War-Museum-800x450.jpg 800w\" sizes=\"(max-width: 1024px) 100vw, 1024px\" \/><figcaption class=\"wp-element-caption\">Museum des Kalten Krieges<\/figcaption><\/figure>\n<\/div>\n<\/div>\n\n\n\n<p>Plunge: Hier wurde 1941 die H\u00e4lfte der Stadtbev\u00f6lkerung, die Juden, ermordet. In den achtziger Jahren begann Jakov Bunka die Gedenkst\u00e4tte im Dorf <strong>Kausenai<\/strong> zu errichten. \u00dcber mehreren Massengr\u00e4bern wurde ein Monument mit Namenslisten errichtet, gebaut aus 1.800 Ziegeln der demolierten <strong>Synagoge von Plunge<\/strong> f\u00fcr die 1.800 hier erschossenen und begrabenen Menschen.<\/p>\n\n\n\n<div class=\"wp-block-columns is-layout-flex wp-container-core-columns-is-layout-9d6595d7 wp-block-columns-is-layout-flex\">\n<div class=\"wp-block-column is-layout-flow wp-block-column-is-layout-flow\">\n<figure class=\"wp-block-image size-full\"><img loading=\"lazy\" decoding=\"async\" width=\"1024\" height=\"577\" src=\"https:\/\/jewsineastprussia.de\/wp-content\/uploads\/2025\/08\/Kausenai-1.jpg\" alt=\"\" class=\"wp-image-12424\" srcset=\"https:\/\/jewsineastprussia.de\/wp-content\/uploads\/2025\/08\/Kausenai-1.jpg 1024w, https:\/\/jewsineastprussia.de\/wp-content\/uploads\/2025\/08\/Kausenai-1-300x169.jpg 300w, https:\/\/jewsineastprussia.de\/wp-content\/uploads\/2025\/08\/Kausenai-1-768x433.jpg 768w, https:\/\/jewsineastprussia.de\/wp-content\/uploads\/2025\/08\/Kausenai-1-800x450.jpg 800w\" sizes=\"(max-width: 1024px) 100vw, 1024px\" \/><\/figure>\n<\/div>\n\n\n\n<div class=\"wp-block-column is-layout-flow wp-block-column-is-layout-flow\">\n<figure class=\"wp-block-image size-full\"><img loading=\"lazy\" decoding=\"async\" width=\"1024\" height=\"673\" src=\"https:\/\/jewsineastprussia.de\/wp-content\/uploads\/2025\/08\/Synagoge-Plunge.jpg\" alt=\"\" class=\"wp-image-12426\" srcset=\"https:\/\/jewsineastprussia.de\/wp-content\/uploads\/2025\/08\/Synagoge-Plunge.jpg 1024w, https:\/\/jewsineastprussia.de\/wp-content\/uploads\/2025\/08\/Synagoge-Plunge-300x197.jpg 300w, https:\/\/jewsineastprussia.de\/wp-content\/uploads\/2025\/08\/Synagoge-Plunge-768x505.jpg 768w\" sizes=\"(max-width: 1024px) 100vw, 1024px\" \/><\/figure>\n<\/div>\n\n\n\n<div class=\"wp-block-column is-layout-flow wp-block-column-is-layout-flow\">\n<figure class=\"wp-block-image size-full\"><img loading=\"lazy\" decoding=\"async\" width=\"1024\" height=\"577\" src=\"https:\/\/jewsineastprussia.de\/wp-content\/uploads\/2025\/08\/Massengraeber-Plunge.jpg\" alt=\"\" class=\"wp-image-12428\" srcset=\"https:\/\/jewsineastprussia.de\/wp-content\/uploads\/2025\/08\/Massengraeber-Plunge.jpg 1024w, https:\/\/jewsineastprussia.de\/wp-content\/uploads\/2025\/08\/Massengraeber-Plunge-300x169.jpg 300w, https:\/\/jewsineastprussia.de\/wp-content\/uploads\/2025\/08\/Massengraeber-Plunge-768x433.jpg 768w, https:\/\/jewsineastprussia.de\/wp-content\/uploads\/2025\/08\/Massengraeber-Plunge-800x450.jpg 800w\" sizes=\"(max-width: 1024px) 100vw, 1024px\" \/><\/figure>\n<\/div>\n<\/div>\n\n\n\n<p>Im Ort <strong>Plunge <\/strong>zeigte uns Eugenius Skulpturen und Beschriftungen zum Gedenken an alle Vorkriegsbewohner und erl\u00e4uterte uns die damit verbundenen schwierigen Genehmigungsprozesse.<\/p>\n\n\n<div class=\"wp-block-image\">\n<figure class=\"aligncenter size-full is-resized\"><img loading=\"lazy\" decoding=\"async\" width=\"1024\" height=\"691\" src=\"https:\/\/jewsineastprussia.de\/wp-content\/uploads\/2025\/08\/Plunge-Skulptur.jpg\" alt=\"\" class=\"wp-image-12430\" style=\"width:554px;height:auto\" srcset=\"https:\/\/jewsineastprussia.de\/wp-content\/uploads\/2025\/08\/Plunge-Skulptur.jpg 1024w, https:\/\/jewsineastprussia.de\/wp-content\/uploads\/2025\/08\/Plunge-Skulptur-300x202.jpg 300w, https:\/\/jewsineastprussia.de\/wp-content\/uploads\/2025\/08\/Plunge-Skulptur-768x518.jpg 768w\" sizes=\"(max-width: 1024px) 100vw, 1024px\" \/><\/figure>\n<\/div>\n\n\n<p>Nach dieser Exkursion gab es viele aufw\u00fchlende Eindr\u00fccke zu verarbeiten \u2013 die Erinnerungsarbeit eines Einzelnen Hinterbliebenen \u2013 die grausamen Geschichten um die Erschie\u00dfungen, die reale Furcht vor der atomaren Bedrohung in der Nachkriegszeit \u2013 ber\u00fchrende und auch recht gegenw\u00e4rtige Fragen.<\/p>\n\n\n\n<p>Wir bedanken uns f\u00fcr diesen Einblick in die wundersch\u00f6ne Region mit der Hoffnung, dass die Projekte eine Zukunft haben.<strong> Gerne geben wir zu den Projekten und den Orten auf Anfrage noch weitere Ausk\u00fcnfte<\/strong>.<\/p>\n\n\n\n<p><strong>Reisende:\u00a0Ralph Salinger<\/strong>, aus Israel, betreibt das Portal Jewish Vilkaviskis und koordiniert seit Jahrzehnten das Andenken an die gro\u00dfe j\u00fcdische Gemeinde. Die Stadt Vilkaviskis liegt mitten im Gebiet der Suduva, zwischen der Grenze zu Polen und dem Flu\u00df Memel, an der Stra\u00dfe, die zum nahen Ostpreu\u00dfen f\u00fchrt (heute die kleinste Russische F\u00f6deration Kaliningrad Oblast). <strong>Irma Mauriene<\/strong>, aus Vilkaviskis, sie ist eine Kulturaktivistin und Spezialistin f\u00fcr die Geschichte der Juden des Ortes. <strong>Michael Leiserowitz<\/strong>, lebt in Berlin, Warschau und Klaipeda, setzt sich mit dem Verein \u201eJuden in Ostpreussen\u201c f\u00fcr die Erinnerung an deren Geschichte ein.<\/p>\n\n\n\n<div class=\"wp-block-columns is-layout-flex wp-container-core-columns-is-layout-9d6595d7 wp-block-columns-is-layout-flex\">\n<div class=\"wp-block-column is-layout-flow wp-block-column-is-layout-flow\" style=\"flex-basis:66.66%\">\n<figure class=\"wp-block-image size-full\"><img loading=\"lazy\" decoding=\"async\" width=\"1024\" height=\"638\" src=\"https:\/\/jewsineastprussia.de\/wp-content\/uploads\/2025\/08\/Irma-Ralph-Eugenius.jpg\" alt=\"\" class=\"wp-image-12408\" srcset=\"https:\/\/jewsineastprussia.de\/wp-content\/uploads\/2025\/08\/Irma-Ralph-Eugenius.jpg 1024w, https:\/\/jewsineastprussia.de\/wp-content\/uploads\/2025\/08\/Irma-Ralph-Eugenius-300x187.jpg 300w, https:\/\/jewsineastprussia.de\/wp-content\/uploads\/2025\/08\/Irma-Ralph-Eugenius-768x479.jpg 768w\" sizes=\"(max-width: 1024px) 100vw, 1024px\" \/><figcaption class=\"wp-element-caption\">Irma, Ralph und Eugenius<\/figcaption><\/figure>\n<\/div>\n\n\n\n<div class=\"wp-block-column is-layout-flow wp-block-column-is-layout-flow\" style=\"flex-basis:33.33%\">\n<figure class=\"wp-block-image size-full is-resized\"><img loading=\"lazy\" decoding=\"async\" width=\"500\" height=\"836\" src=\"https:\/\/jewsineastprussia.de\/wp-content\/uploads\/2025\/08\/Leiserowitz-EretzLitvak.jpg\" alt=\"\" class=\"wp-image-12433\" style=\"width:201px;height:auto\" srcset=\"https:\/\/jewsineastprussia.de\/wp-content\/uploads\/2025\/08\/Leiserowitz-EretzLitvak.jpg 500w, https:\/\/jewsineastprussia.de\/wp-content\/uploads\/2025\/08\/Leiserowitz-EretzLitvak-179x300.jpg 179w\" sizes=\"(max-width: 500px) 100vw, 500px\" \/><figcaption class=\"wp-element-caption\">Michael L. (Autor)<\/figcaption><\/figure>\n<\/div>\n<\/div>\n\n\n\n<h3 class=\"wp-block-heading\">Es gibt drei Grenzregionen zu Ostpreu\u00dfen in Litauen<\/h3>\n\n\n<div class=\"wp-block-image\">\n<figure class=\"aligncenter size-large is-resized\"><img loading=\"lazy\" decoding=\"async\" width=\"1024\" height=\"820\" src=\"https:\/\/jewsineastprussia.de\/wp-content\/uploads\/2025\/08\/Grenzregion-Ostpr-LT-1024x820.jpg\" alt=\"Map of border region between East Prussia and Lithuania\" class=\"wp-image-12391\" style=\"width:568px;height:auto\" srcset=\"https:\/\/jewsineastprussia.de\/wp-content\/uploads\/2025\/08\/Grenzregion-Ostpr-LT-1024x820.jpg 1024w, https:\/\/jewsineastprussia.de\/wp-content\/uploads\/2025\/08\/Grenzregion-Ostpr-LT-300x240.jpg 300w, https:\/\/jewsineastprussia.de\/wp-content\/uploads\/2025\/08\/Grenzregion-Ostpr-LT-768x615.jpg 768w, https:\/\/jewsineastprussia.de\/wp-content\/uploads\/2025\/08\/Grenzregion-Ostpr-LT.jpg 1524w\" sizes=\"(max-width: 1024px) 100vw, 1024px\" \/><\/figure>\n<\/div>\n\n\n<p><strong>1)<\/strong> Das Gebiet, das kurz vor der Grenze mit Polen anf\u00e4ngt und bis zur Memel reicht \u2013 bekannt als\u00a0<strong>Suduva oder Suvalkija<\/strong><\/p>\n\n\n\n<p><strong>2)<\/strong> Die ehemalige Grenzregion, die von der Memel bis fast nach Lettland reicht (Der Westen der\u00a0<strong>Region Zemaitija oder Samogitien<\/strong>).<\/p>\n\n\n\n<p>Regionen 1) und 2) hatten Orte mit einem sehr gro\u00dfen j\u00fcdischen Bev\u00f6lkerungsanteil dicht and der Grenze zu Ostpreu\u00dfen (Schtetl).<\/p>\n\n\n\n<p><strong>3)<\/strong>&nbsp;Region&nbsp;<strong>Memelland oder Klein-Litauen<\/strong>&nbsp;\u2013 der Teil Ostpreu\u00dfens n\u00f6rdlich der Memel, der nach dem 1. Weltkrieg unter litauischer Verwaltung kam und bis 1938 den Status der Zweisprachigkeit hatte. Zentrum ist die Hafenstadt Klaipeda (auf Deutsch: Memel), die in der Stadt vielf\u00e4ltige j\u00fcdische Gemeinde hatte. Auf die D\u00f6rfer verteilten sich, wie \u00fcberall in Ostpreu\u00dfen, eher einzelne j\u00fcdische Gesch\u00e4fte bzw. Gasth\u00e4user.<\/p>\n\n\n\n<p><\/p>\n\n\n\n<p><\/p>\n","protected":false},"excerpt":{"rendered":"<p>Wir trafen uns mit Eugenius Bunka, dem Sohn des letzten Juden von Plunge.<\/p>\n","protected":false},"author":5,"featured_media":12405,"comment_status":"closed","ping_status":"closed","sticky":false,"template":"","format":"standard","meta":{"footnotes":""},"categories":[108,137,139,74,81,372,136,88],"tags":[399,404,179,405,400,401],"class_list":["post-12439","post","type-post","status-publish","format-standard","has-post-thumbnail","hentry","category-heydekrug-silute","category-heydekrug-silute-lit-de","category-holocaust-und-verfolgung-de","category-litauen","category-memel-klaipeda-de","category-memel-klaipeda-de-2","category-personlichkeiten","category-vereinsnachrichten","tag-border-region-de","tag-bunka-de","tag-lithuania-de","tag-plateliai","tag-shtetl-de","tag-vilkavistis-de","entry","has-media"],"_links":{"self":[{"href":"https:\/\/jewsineastprussia.de\/de\/wp-json\/wp\/v2\/posts\/12439","targetHints":{"allow":["GET"]}}],"collection":[{"href":"https:\/\/jewsineastprussia.de\/de\/wp-json\/wp\/v2\/posts"}],"about":[{"href":"https:\/\/jewsineastprussia.de\/de\/wp-json\/wp\/v2\/types\/post"}],"author":[{"embeddable":true,"href":"https:\/\/jewsineastprussia.de\/de\/wp-json\/wp\/v2\/users\/5"}],"replies":[{"embeddable":true,"href":"https:\/\/jewsineastprussia.de\/de\/wp-json\/wp\/v2\/comments?post=12439"}],"version-history":[{"count":3,"href":"https:\/\/jewsineastprussia.de\/de\/wp-json\/wp\/v2\/posts\/12439\/revisions"}],"predecessor-version":[{"id":12444,"href":"https:\/\/jewsineastprussia.de\/de\/wp-json\/wp\/v2\/posts\/12439\/revisions\/12444"}],"wp:featuredmedia":[{"embeddable":true,"href":"https:\/\/jewsineastprussia.de\/de\/wp-json\/wp\/v2\/media\/12405"}],"wp:attachment":[{"href":"https:\/\/jewsineastprussia.de\/de\/wp-json\/wp\/v2\/media?parent=12439"}],"wp:term":[{"taxonomy":"category","embeddable":true,"href":"https:\/\/jewsineastprussia.de\/de\/wp-json\/wp\/v2\/categories?post=12439"},{"taxonomy":"post_tag","embeddable":true,"href":"https:\/\/jewsineastprussia.de\/de\/wp-json\/wp\/v2\/tags?post=12439"}],"curies":[{"name":"wp","href":"https:\/\/api.w.org\/{rel}","templated":true}]}}