{"id":12497,"date":"2025-08-19T15:17:30","date_gmt":"2025-08-19T13:17:30","guid":{"rendered":"https:\/\/jewsineastprussia.de\/excursion-east-prussias-border-regions-with-lithuania-part-3\/"},"modified":"2025-08-19T22:34:00","modified_gmt":"2025-08-19T20:34:00","slug":"excursion-east-prussias-border-regions-with-lithuania-part-3","status":"publish","type":"post","link":"https:\/\/jewsineastprussia.de\/de\/excursion-east-prussias-border-regions-with-lithuania-part-3\/","title":{"rendered":"Exkursion: Ostpreu\u00dfens Grenzregionen zu Litauen Teil 3"},"content":{"rendered":"\n<h2 class=\"wp-block-heading\">3 <strong>Tage Exkursion zur J\u00fcdischen Geschichte in Ostpreu\u00dfens Grenzgebieten mit Litauen. Teil&nbsp;<\/strong> 3<\/h2>\n\n\n\n<p><strong><strong>Teil 3 30. Juli 2025 Shtetl an der Grenze &#8211; J\u00fcdisches Sveksna \u2013 Zemaiciu Naumiestis \u2013 Memeldelta Rusne\/Ru\u00df &#8211; <\/strong>Silute\/Heydekrug<\/strong><\/p>\n\n\n\n<figure class=\"wp-block-image size-full\"><img fetchpriority=\"high\" decoding=\"async\" width=\"1024\" height=\"684\" src=\"https:\/\/jewsineastprussia.de\/wp-content\/uploads\/2025\/08\/Synagoge-Sveksna-Ralph.jpg\" alt=\"Market and Synagogue of Sveksna\" class=\"wp-image-12455\" srcset=\"https:\/\/jewsineastprussia.de\/wp-content\/uploads\/2025\/08\/Synagoge-Sveksna-Ralph.jpg 1024w, https:\/\/jewsineastprussia.de\/wp-content\/uploads\/2025\/08\/Synagoge-Sveksna-Ralph-300x200.jpg 300w, https:\/\/jewsineastprussia.de\/wp-content\/uploads\/2025\/08\/Synagoge-Sveksna-Ralph-768x513.jpg 768w\" sizes=\"(max-width: 1024px) 100vw, 1024px\" \/><figcaption class=\"wp-element-caption\">Ankunft in Sveksna, die Synagoge befindet sich direkt am Marktplatz.<\/figcaption><\/figure>\n\n\n\n<p>Der heutige s\u00fcdliche Teil der Region Klaipeda war historisch gesehen bis 1920 in zwei unterschiedlichen Staaten. F\u00fcr den Landkreis Silute gibt es deshalb gegenw\u00e4rtig sehr unterschiedliche Aufgaben im Denkmalschutz \u2013 und das historische Museum hat Zweigstellen an mehreren Orten. Baudenkm\u00e4ler aus der deutschen Zeit pr\u00e4gen Heydekrug (Silute) \u2013 nicht weit entfernt, auf der damals litauischen Seite, lagen die Schtetl mit gro\u00dfen j\u00fcdischen Gemeinden und deren Synagogen, die es heute zu bewahren gilt. Im ostpreu\u00dfischen Memeldelta mit dem Ort Ru\u00df (Rusne) gab es wegen der Bedeutung der Wasserstra\u00dfe f\u00fcr den Holzhandel viel Begegnung mit durchreisenden j\u00fcdischen H\u00e4ndlern. Auch Heydekrug (heute Silute) hatte eine j\u00fcdische Gemeinde innerhalb Ostpreu\u00dfens. Auf dieser Tour begegneten wir Monika Zasytiene, die sehr engagiert verschiedene Projekte der Erinnerung in Sveksna angesto\u00dfen hat und uns diese vorstellte. Mehr zu den einzelnen Stationen im Text unter den Fotos.<\/p>\n\n\n\n<h2 class=\"wp-block-heading\">Sveksna (6 km zur fr\u00fcheren Grenze zu Ostpreu\u00dfen entfernt)<\/h2>\n\n\n\n<div class=\"wp-block-columns is-layout-flex wp-container-core-columns-is-layout-9d6595d7 wp-block-columns-is-layout-flex\">\n<div class=\"wp-block-column is-layout-flow wp-block-column-is-layout-flow\">\n<figure class=\"wp-block-image size-full\"><img decoding=\"async\" width=\"1024\" height=\"786\" src=\"https:\/\/jewsineastprussia.de\/wp-content\/uploads\/2025\/08\/Irm-Ralph-Moni-30JUL.jpg\" alt=\"\" class=\"wp-image-12457\" srcset=\"https:\/\/jewsineastprussia.de\/wp-content\/uploads\/2025\/08\/Irm-Ralph-Moni-30JUL.jpg 1024w, https:\/\/jewsineastprussia.de\/wp-content\/uploads\/2025\/08\/Irm-Ralph-Moni-30JUL-300x230.jpg 300w, https:\/\/jewsineastprussia.de\/wp-content\/uploads\/2025\/08\/Irm-Ralph-Moni-30JUL-768x590.jpg 768w\" sizes=\"(max-width: 1024px) 100vw, 1024px\" \/><\/figure>\n\n\n\n<p>Monika Zasytiene begr\u00fc\u00dft uns vor der Synagoge von Sveksna. Sie hat das Renovierungsprojekt der Synagoge \u00fcber viele Etappen begleitet.<\/p>\n<\/div>\n\n\n\n<div class=\"wp-block-column is-layout-flow wp-block-column-is-layout-flow\">\n<figure class=\"wp-block-image size-full\"><img decoding=\"async\" width=\"1024\" height=\"768\" src=\"https:\/\/jewsineastprussia.de\/wp-content\/uploads\/2025\/08\/Synagoge-innen.jpg\" alt=\"\" class=\"wp-image-12459\" srcset=\"https:\/\/jewsineastprussia.de\/wp-content\/uploads\/2025\/08\/Synagoge-innen.jpg 1024w, https:\/\/jewsineastprussia.de\/wp-content\/uploads\/2025\/08\/Synagoge-innen-300x225.jpg 300w, https:\/\/jewsineastprussia.de\/wp-content\/uploads\/2025\/08\/Synagoge-innen-768x576.jpg 768w\" sizes=\"(max-width: 1024px) 100vw, 1024px\" \/><\/figure>\n\n\n\n<p>Seit 2023 gibt es eine beeindruckende 3D Rekonstruktion des Innenraums. Der Innenausbau ist noch nicht fertig, aber schon seit 2015 ist man darauf bedacht, durch unterschiedlichste und interessante Aktionen die Religion und die Kultur des Judentums der Bev\u00f6lkerung n\u00e4her zu bringen, damit diese als ein Teil der eigenen Stadtgeschichte empfunden wird.<\/p>\n<\/div>\n<\/div>\n\n\n\n<div class=\"wp-block-columns is-layout-flex wp-container-core-columns-is-layout-9d6595d7 wp-block-columns-is-layout-flex\">\n<div class=\"wp-block-column is-layout-flow wp-block-column-is-layout-flow\">\n<figure class=\"wp-block-image size-full\"><img loading=\"lazy\" decoding=\"async\" width=\"1024\" height=\"602\" src=\"https:\/\/jewsineastprussia.de\/wp-content\/uploads\/2025\/08\/Markt-Sveksna-Talk.jpg\" alt=\"\" class=\"wp-image-12461\" srcset=\"https:\/\/jewsineastprussia.de\/wp-content\/uploads\/2025\/08\/Markt-Sveksna-Talk.jpg 1024w, https:\/\/jewsineastprussia.de\/wp-content\/uploads\/2025\/08\/Markt-Sveksna-Talk-300x176.jpg 300w, https:\/\/jewsineastprussia.de\/wp-content\/uploads\/2025\/08\/Markt-Sveksna-Talk-768x452.jpg 768w\" sizes=\"(max-width: 1024px) 100vw, 1024px\" \/><\/figure>\n\n\n\n<p>Die Innenstadt ist schon seit 1969 gesch\u00fctzt, somit wurde der Gesamteindruck eines Schtetls bis heute erhalten.<br><br>Im Jahr 2019 wurden vor dem Haus am Marktplatz sechs Stolpersteine f\u00fcr die Familie Naftal Ziv verlegt, ein \u00dcberlebender, der heute in Australien lebt.<\/p>\n<\/div>\n\n\n\n<div class=\"wp-block-column is-layout-flow wp-block-column-is-layout-flow\">\n<figure class=\"wp-block-image size-large\"><img loading=\"lazy\" decoding=\"async\" width=\"1024\" height=\"966\" src=\"https:\/\/jewsineastprussia.de\/wp-content\/uploads\/2025\/08\/Gedenksteine-1-1024x966.jpg\" alt=\"\" class=\"wp-image-12467\" srcset=\"https:\/\/jewsineastprussia.de\/wp-content\/uploads\/2025\/08\/Gedenksteine-1-1024x966.jpg 1024w, https:\/\/jewsineastprussia.de\/wp-content\/uploads\/2025\/08\/Gedenksteine-1-300x283.jpg 300w, https:\/\/jewsineastprussia.de\/wp-content\/uploads\/2025\/08\/Gedenksteine-1-768x724.jpg 768w, https:\/\/jewsineastprussia.de\/wp-content\/uploads\/2025\/08\/Gedenksteine-1-1536x1448.jpg 1536w, https:\/\/jewsineastprussia.de\/wp-content\/uploads\/2025\/08\/Gedenksteine-1.jpg 1840w\" sizes=\"(max-width: 1024px) 100vw, 1024px\" \/><\/figure>\n<\/div>\n<\/div>\n\n\n\n<div class=\"wp-block-columns is-layout-flex wp-container-core-columns-is-layout-9d6595d7 wp-block-columns-is-layout-flex\">\n<div class=\"wp-block-column is-layout-flow wp-block-column-is-layout-flow\">\n<figure class=\"wp-block-image size-full\"><img loading=\"lazy\" decoding=\"async\" width=\"1024\" height=\"677\" src=\"https:\/\/jewsineastprussia.de\/wp-content\/uploads\/2025\/08\/Mureal-Mo-Irma.jpg\" alt=\"\" class=\"wp-image-12465\" srcset=\"https:\/\/jewsineastprussia.de\/wp-content\/uploads\/2025\/08\/Mureal-Mo-Irma.jpg 1024w, https:\/\/jewsineastprussia.de\/wp-content\/uploads\/2025\/08\/Mureal-Mo-Irma-300x198.jpg 300w, https:\/\/jewsineastprussia.de\/wp-content\/uploads\/2025\/08\/Mureal-Mo-Irma-768x508.jpg 768w\" sizes=\"(max-width: 1024px) 100vw, 1024px\" \/><\/figure>\n\n\n\n<p>Seit 2022 ziert das M\u00e4dchen Sarah ihr fr\u00fcheres Wohnhaus am Markt. Dies ist ein Ableger des in Wilna bekannten Kunstprojekts #sienosprisimena #wallsthatremember. Alle Projekte interagieren mit der Synagoge am Markt, so dass diese zu einem Teil der eigenen Geschichte des Ortes wird.<\/p>\n<\/div>\n\n\n\n<div class=\"wp-block-column is-layout-flow wp-block-column-is-layout-flow\">\n<figure class=\"wp-block-image size-large\"><img loading=\"lazy\" decoding=\"async\" width=\"1024\" height=\"864\" src=\"https:\/\/jewsineastprussia.de\/wp-content\/uploads\/2025\/08\/Mureal-Mo-Ralph-1024x864.jpg\" alt=\"\" class=\"wp-image-12463\" srcset=\"https:\/\/jewsineastprussia.de\/wp-content\/uploads\/2025\/08\/Mureal-Mo-Ralph-1024x864.jpg 1024w, https:\/\/jewsineastprussia.de\/wp-content\/uploads\/2025\/08\/Mureal-Mo-Ralph-300x253.jpg 300w, https:\/\/jewsineastprussia.de\/wp-content\/uploads\/2025\/08\/Mureal-Mo-Ralph-768x648.jpg 768w, https:\/\/jewsineastprussia.de\/wp-content\/uploads\/2025\/08\/Mureal-Mo-Ralph-1536x1296.jpg 1536w, https:\/\/jewsineastprussia.de\/wp-content\/uploads\/2025\/08\/Mureal-Mo-Ralph.jpg 1595w\" sizes=\"(max-width: 1024px) 100vw, 1024px\" \/><\/figure>\n<\/div>\n<\/div>\n\n\n\n<h2 class=\"wp-block-heading\">Zemaiciu Naumiestis &#8211; sehr nah an der fr\u00fcheren Grenze und dem Ort Heydekrug (heutiges Silute) gelegen <\/h2>\n\n\n\n<div class=\"wp-block-columns is-layout-flex wp-container-core-columns-is-layout-9d6595d7 wp-block-columns-is-layout-flex\">\n<div class=\"wp-block-column is-layout-flow wp-block-column-is-layout-flow\">\n<figure class=\"wp-block-image size-full\"><img loading=\"lazy\" decoding=\"async\" width=\"1024\" height=\"672\" src=\"https:\/\/jewsineastprussia.de\/wp-content\/uploads\/2025\/08\/Synagoge-ZN-JUL25.jpg\" alt=\"\" class=\"wp-image-12469\" srcset=\"https:\/\/jewsineastprussia.de\/wp-content\/uploads\/2025\/08\/Synagoge-ZN-JUL25.jpg 1024w, https:\/\/jewsineastprussia.de\/wp-content\/uploads\/2025\/08\/Synagoge-ZN-JUL25-300x197.jpg 300w, https:\/\/jewsineastprussia.de\/wp-content\/uploads\/2025\/08\/Synagoge-ZN-JUL25-768x504.jpg 768w\" sizes=\"(max-width: 1024px) 100vw, 1024px\" \/><\/figure>\n\n\n\n<p>Die Synagoge aus Stein wurde unter Denkmalschutz gestellt und wurde vor dem Verfall gesichert. Sie ist neben der katholischen und evangelischen Kirche eines der drei eindrucksvollen Gottesh\u00e4user der Menschen, die einst hier zusammen lebten (Juden, Litauer, Deutsche). <\/p>\n<\/div>\n\n\n\n<div class=\"wp-block-column is-layout-flow wp-block-column-is-layout-flow\">\n<figure class=\"wp-block-image size-large\"><img loading=\"lazy\" decoding=\"async\" width=\"1024\" height=\"720\" src=\"https:\/\/jewsineastprussia.de\/wp-content\/uploads\/2025\/08\/Denkmal-ZN-Ralph-1024x720.jpg\" alt=\"\" class=\"wp-image-12471\" srcset=\"https:\/\/jewsineastprussia.de\/wp-content\/uploads\/2025\/08\/Denkmal-ZN-Ralph-1024x720.jpg 1024w, https:\/\/jewsineastprussia.de\/wp-content\/uploads\/2025\/08\/Denkmal-ZN-Ralph-300x211.jpg 300w, https:\/\/jewsineastprussia.de\/wp-content\/uploads\/2025\/08\/Denkmal-ZN-Ralph-768x540.jpg 768w, https:\/\/jewsineastprussia.de\/wp-content\/uploads\/2025\/08\/Denkmal-ZN-Ralph.jpg 1081w\" sizes=\"(max-width: 1024px) 100vw, 1024px\" \/><\/figure>\n\n\n\n<p>Am Anfang des Marktplatzes steht das Denkmal f\u00fcr die in den Jahren 1919-1922 gefallenen litauischen Soldaten. Aus Respekt vor den j\u00fcdischen Soldaten hat damals der K\u00fcnstler ein litauisches Symbol (und kein religi\u00f6ses) auf die Spitze gesetzt. Dieses Denkmal wurde w\u00e4hrend der Sowjet\u00e4ra versteckt.<\/p>\n<\/div>\n<\/div>\n\n\n\n<h2 class=\"wp-block-heading\">Rusne \/ Ru\u00df &#8211; fr\u00fcherer deutscher Ort mit einigen j\u00fcdischen Geschichten<\/h2>\n\n\n\n<figure class=\"wp-block-image size-full\"><img loading=\"lazy\" decoding=\"async\" width=\"1024\" height=\"578\" src=\"https:\/\/jewsineastprussia.de\/wp-content\/uploads\/2025\/08\/Rusne-Bruecke.jpg\" alt=\"\" class=\"wp-image-12475\" srcset=\"https:\/\/jewsineastprussia.de\/wp-content\/uploads\/2025\/08\/Rusne-Bruecke.jpg 1024w, https:\/\/jewsineastprussia.de\/wp-content\/uploads\/2025\/08\/Rusne-Bruecke-300x169.jpg 300w, https:\/\/jewsineastprussia.de\/wp-content\/uploads\/2025\/08\/Rusne-Bruecke-768x434.jpg 768w\" sizes=\"(max-width: 1024px) 100vw, 1024px\" \/><\/figure>\n\n\n\n<div class=\"wp-block-columns is-layout-flex wp-container-core-columns-is-layout-9d6595d7 wp-block-columns-is-layout-flex\">\n<div class=\"wp-block-column is-layout-flow wp-block-column-is-layout-flow\">\n<figure class=\"wp-block-image size-full\"><img loading=\"lazy\" decoding=\"async\" width=\"1024\" height=\"768\" src=\"https:\/\/jewsineastprussia.de\/wp-content\/uploads\/2025\/08\/Ghandi-Kallenbach-Mi-Ralph.jpg\" alt=\"\" class=\"wp-image-12479\" srcset=\"https:\/\/jewsineastprussia.de\/wp-content\/uploads\/2025\/08\/Ghandi-Kallenbach-Mi-Ralph.jpg 1024w, https:\/\/jewsineastprussia.de\/wp-content\/uploads\/2025\/08\/Ghandi-Kallenbach-Mi-Ralph-300x225.jpg 300w, https:\/\/jewsineastprussia.de\/wp-content\/uploads\/2025\/08\/Ghandi-Kallenbach-Mi-Ralph-768x576.jpg 768w\" sizes=\"(max-width: 1024px) 100vw, 1024px\" \/><\/figure>\n\n\n\n<p>Neben dem Standort der Synagoge am Ufer wurde ein Denkmal f\u00fcr Mahatma Gandhi und seinen Weggef\u00e4hrten aus S\u00fcdafrika, Hermann Kallenbach errichtet.<\/p>\n<\/div>\n\n\n\n<div class=\"wp-block-column is-layout-flow wp-block-column-is-layout-flow\">\n<figure class=\"wp-block-image size-full\"><img loading=\"lazy\" decoding=\"async\" width=\"1024\" height=\"557\" src=\"https:\/\/jewsineastprussia.de\/wp-content\/uploads\/2025\/08\/Russ-Synagoge.jpg\" alt=\"\" class=\"wp-image-12477\" srcset=\"https:\/\/jewsineastprussia.de\/wp-content\/uploads\/2025\/08\/Russ-Synagoge.jpg 1024w, https:\/\/jewsineastprussia.de\/wp-content\/uploads\/2025\/08\/Russ-Synagoge-300x163.jpg 300w, https:\/\/jewsineastprussia.de\/wp-content\/uploads\/2025\/08\/Russ-Synagoge-768x418.jpg 768w\" sizes=\"(max-width: 1024px) 100vw, 1024px\" \/><\/figure>\n\n\n\n<p>Hermann Kallenbach wurde in \u017demai\u010di\u0173 Naumiestis geboren, sein Vater zog mit seiner Familie nach Ostpreu\u00dfen um. Hermann verbrachte in Russ seine Kindheit, ging sp\u00e4ter in Tilsit aufs Gymnasium und studierte Architektur in Strelitz, Stuttgart und M\u00fcnchen. 1896 emigrierte er nach S\u00fcdafrika, wo er mit dem sp\u00e4ter ber\u00fchmten F\u00fchrer der Indischen Unabh\u00e4ngigkeitsbewegung in engem Kontakt stand.<\/p>\n<\/div>\n<\/div>\n\n\n\n<figure class=\"wp-block-image size-full\"><img loading=\"lazy\" decoding=\"async\" width=\"1024\" height=\"578\" src=\"https:\/\/jewsineastprussia.de\/wp-content\/uploads\/2025\/08\/Ghandi-Kallenbach-Rusne25.jpg\" alt=\"\" class=\"wp-image-12481\" srcset=\"https:\/\/jewsineastprussia.de\/wp-content\/uploads\/2025\/08\/Ghandi-Kallenbach-Rusne25.jpg 1024w, https:\/\/jewsineastprussia.de\/wp-content\/uploads\/2025\/08\/Ghandi-Kallenbach-Rusne25-300x169.jpg 300w, https:\/\/jewsineastprussia.de\/wp-content\/uploads\/2025\/08\/Ghandi-Kallenbach-Rusne25-768x434.jpg 768w\" sizes=\"(max-width: 1024px) 100vw, 1024px\" \/><\/figure>\n\n\n\n<h2 class=\"wp-block-heading\">Heydekrug \/ Silute<\/h2>\n\n\n\n<div class=\"wp-block-columns is-layout-flex wp-container-core-columns-is-layout-9d6595d7 wp-block-columns-is-layout-flex\">\n<div class=\"wp-block-column is-layout-flow wp-block-column-is-layout-flow\">\n<figure class=\"wp-block-image size-full\"><img loading=\"lazy\" decoding=\"async\" width=\"1024\" height=\"594\" src=\"https:\/\/jewsineastprussia.de\/wp-content\/uploads\/2025\/08\/Friedhof-Heydekrug-Markierung.jpg\" alt=\"\" class=\"wp-image-12483\" srcset=\"https:\/\/jewsineastprussia.de\/wp-content\/uploads\/2025\/08\/Friedhof-Heydekrug-Markierung.jpg 1024w, https:\/\/jewsineastprussia.de\/wp-content\/uploads\/2025\/08\/Friedhof-Heydekrug-Markierung-300x174.jpg 300w, https:\/\/jewsineastprussia.de\/wp-content\/uploads\/2025\/08\/Friedhof-Heydekrug-Markierung-768x446.jpg 768w\" sizes=\"(max-width: 1024px) 100vw, 1024px\" \/><\/figure>\n\n\n\n<p>Dieser Ort atmet durch seine Geb\u00e4ude noch die deutsche Vergangenheit. Als diese Stadt 1923 litauisch wurde, mussten sich viele Juden entscheiden, ob sie ihre Existenz hierbehielten oder lieber nach Deutschland zogen, weil sie sich durch und durch als Deutsche empfanden.<\/p>\n<\/div>\n\n\n\n<div class=\"wp-block-column is-layout-flow wp-block-column-is-layout-flow\">\n<figure class=\"wp-block-image size-full\"><img loading=\"lazy\" decoding=\"async\" width=\"1024\" height=\"637\" src=\"https:\/\/jewsineastprussia.de\/wp-content\/uploads\/2025\/08\/Friedhof-Heydekrug-Bahnhof.jpg\" alt=\"\" class=\"wp-image-12485\" srcset=\"https:\/\/jewsineastprussia.de\/wp-content\/uploads\/2025\/08\/Friedhof-Heydekrug-Bahnhof.jpg 1024w, https:\/\/jewsineastprussia.de\/wp-content\/uploads\/2025\/08\/Friedhof-Heydekrug-Bahnhof-300x187.jpg 300w, https:\/\/jewsineastprussia.de\/wp-content\/uploads\/2025\/08\/Friedhof-Heydekrug-Bahnhof-768x478.jpg 768w\" sizes=\"(max-width: 1024px) 100vw, 1024px\" \/><\/figure>\n\n\n\n<p>Wir besuchten den markierten Ort des J\u00fcdischen Friedhofs, nicht weit vom Bahnhof. Auf dem fr\u00fcheren Standort der Synagoge sahen wir keine Hinweise oder Spuren der fr\u00fcheren Bebauung.<\/p>\n<\/div>\n<\/div>\n\n\n\n<div class=\"wp-block-columns is-layout-flex wp-container-core-columns-is-layout-9d6595d7 wp-block-columns-is-layout-flex\">\n<div class=\"wp-block-column is-layout-flow wp-block-column-is-layout-flow\">\n<figure class=\"wp-block-image size-full\"><img loading=\"lazy\" decoding=\"async\" width=\"1024\" height=\"560\" src=\"https:\/\/jewsineastprussia.de\/wp-content\/uploads\/2025\/08\/Synagoge-Heydekrug-Standort.jpg\" alt=\"\" class=\"wp-image-12487\" srcset=\"https:\/\/jewsineastprussia.de\/wp-content\/uploads\/2025\/08\/Synagoge-Heydekrug-Standort.jpg 1024w, https:\/\/jewsineastprussia.de\/wp-content\/uploads\/2025\/08\/Synagoge-Heydekrug-Standort-300x164.jpg 300w, https:\/\/jewsineastprussia.de\/wp-content\/uploads\/2025\/08\/Synagoge-Heydekrug-Standort-768x420.jpg 768w\" sizes=\"(max-width: 1024px) 100vw, 1024px\" \/><figcaption class=\"wp-element-caption\">Standort der Synagoge von Heydekrug \/ Silute<\/figcaption><\/figure>\n<\/div>\n\n\n\n<div class=\"wp-block-column is-layout-flow wp-block-column-is-layout-flow\">\n<figure class=\"wp-block-image size-full\"><img loading=\"lazy\" decoding=\"async\" width=\"1024\" height=\"577\" src=\"https:\/\/jewsineastprussia.de\/wp-content\/uploads\/2025\/08\/Postamt-Silute.jpg\" alt=\"\" class=\"wp-image-12489\" srcset=\"https:\/\/jewsineastprussia.de\/wp-content\/uploads\/2025\/08\/Postamt-Silute.jpg 1024w, https:\/\/jewsineastprussia.de\/wp-content\/uploads\/2025\/08\/Postamt-Silute-300x169.jpg 300w, https:\/\/jewsineastprussia.de\/wp-content\/uploads\/2025\/08\/Postamt-Silute-768x433.jpg 768w, https:\/\/jewsineastprussia.de\/wp-content\/uploads\/2025\/08\/Postamt-Silute-800x450.jpg 800w\" sizes=\"(max-width: 1024px) 100vw, 1024px\" \/><figcaption class=\"wp-element-caption\">Postamt<\/figcaption><\/figure>\n<\/div>\n<\/div>\n\n\n<div class=\"wp-block-image\">\n<figure class=\"aligncenter size-full is-resized\"><img loading=\"lazy\" decoding=\"async\" width=\"1024\" height=\"768\" src=\"https:\/\/jewsineastprussia.de\/wp-content\/uploads\/2025\/08\/Sushilute.jpg\" alt=\"\" class=\"wp-image-12491\" style=\"width:474px;height:auto\" srcset=\"https:\/\/jewsineastprussia.de\/wp-content\/uploads\/2025\/08\/Sushilute.jpg 1024w, https:\/\/jewsineastprussia.de\/wp-content\/uploads\/2025\/08\/Sushilute-300x225.jpg 300w, https:\/\/jewsineastprussia.de\/wp-content\/uploads\/2025\/08\/Sushilute-768x576.jpg 768w\" sizes=\"(max-width: 1024px) 100vw, 1024px\" \/><figcaption class=\"wp-element-caption\">Entdeckt 2022 neben dem Bahnhof: SU-SHILUTE<\/figcaption><\/figure>\n<\/div>\n\n\n<p class=\"has-light-green-cyan-background-color has-background has-medium-font-size\">Weitere Lekt\u00fcre (EN): Siehe den Artikel von Monika Zasytiene: &#8222;The Imbalance between &#8218;our&#8216; and &#8218;other&#8216; Heritage, The Inclusion of Jewish Heritage in Local Identity, The Case of Sveksna&#8220; in dem Buch &#8222;Jewish or Common Heritage? Appropriation of Synagogues in East-Central Europe since 1945&#8220;, DHI Warsaw 2024, Kapitel ab S. 295<\/p>\n\n\n\n<p><strong>Reisende:&nbsp;Ralph Salinger<\/strong>, aus Israel, betreibt das Portal Jewish Vilkaviskis und koordiniert seit Jahrzehnten das Andenken an die gro\u00dfe j\u00fcdische Gemeinde. Die Stadt Vilkaviskis liegt mitten im Gebiet der Suduva, zwischen der Grenze zu Polen und dem Flu\u00df Memel, an der Stra\u00dfe, die zum nahen Ostpreu\u00dfen f\u00fchrt (heute die kleinste Russische F\u00f6deration Kaliningrad Oblast).&nbsp;<strong>Irma Mauriene<\/strong>, aus Vilkaviskis, sie ist eine Kulturaktivistin und Spezialistin f\u00fcr die Geschichte der Juden des Ortes.&nbsp;<strong>Michael Leiserowitz<\/strong>, lebt in Berlin, Warschau und Klaipeda, setzt sich mit dem Verein \u201eJuden in Ostpreussen\u201c f\u00fcr die Erinnerung an deren Geschichte ein. Sein Vater <strong>Hans Georg<\/strong> wurde 1914 in Heydekrug geboren.<\/p>\n\n\n\n<h3 class=\"wp-block-heading\">Es gibt drei Grenzregionen zu Ostpreu\u00dfen in Litauen<\/h3>\n\n\n<div class=\"wp-block-image\">\n<figure class=\"aligncenter size-large is-resized\"><img loading=\"lazy\" decoding=\"async\" width=\"1024\" height=\"820\" src=\"https:\/\/jewsineastprussia.de\/wp-content\/uploads\/2025\/08\/Grenzregion-Ostpr-LT-1024x820.jpg\" alt=\"Map of border region between East Prussia and Lithuania\" class=\"wp-image-12391\" style=\"width:568px;height:auto\" srcset=\"https:\/\/jewsineastprussia.de\/wp-content\/uploads\/2025\/08\/Grenzregion-Ostpr-LT-1024x820.jpg 1024w, https:\/\/jewsineastprussia.de\/wp-content\/uploads\/2025\/08\/Grenzregion-Ostpr-LT-300x240.jpg 300w, https:\/\/jewsineastprussia.de\/wp-content\/uploads\/2025\/08\/Grenzregion-Ostpr-LT-768x615.jpg 768w, https:\/\/jewsineastprussia.de\/wp-content\/uploads\/2025\/08\/Grenzregion-Ostpr-LT.jpg 1524w\" sizes=\"(max-width: 1024px) 100vw, 1024px\" \/><\/figure>\n<\/div>\n\n\n<p><strong>1<\/strong><strong>)<\/strong>&nbsp;Das Gebiet, das kurz vor der Grenze mit Polen anf\u00e4ngt und bis zur Memel reicht \u2013 bekannt als&nbsp;<strong>Suduva oder Suvalkija<\/strong><\/p>\n\n\n\n<p><strong>2)<\/strong>&nbsp;Die ehemalige Grenzregion, die von der Memel bis fast nach Lettland reicht (Der Westen der&nbsp;<strong>Region Zemaitija oder Samogitien<\/strong>).<\/p>\n\n\n\n<p>Regionen 1) und 2) hatten Orte mit einem sehr gro\u00dfen j\u00fcdischen Bev\u00f6lkerungsanteil dicht and der Grenze zu Ostpreu\u00dfen (Schtetl).<\/p>\n\n\n\n<p><strong>3)<\/strong>&nbsp;Region&nbsp;<strong>Memelland oder Klein-Litauen<\/strong>&nbsp;\u2013 der Teil Ostpreu\u00dfens n\u00f6rdlich der Memel, der nach dem 1. Weltkrieg unter litauischer Verwaltung kam und bis 1938 den Status der Zweisprachigkeit hatte. Zentrum ist die Hafenstadt Klaipeda (auf Deutsch: Memel), die in der Stadt vielf\u00e4ltige j\u00fcdische Gemeinde hatte. Auf die D\u00f6rfer verteilten sich, wie \u00fcberall in Ostpreu\u00dfen, eher einzelne j\u00fcdische Gesch\u00e4fte bzw. Gasth\u00e4user.<\/p>\n\n\n\n<p><\/p>\n","protected":false},"excerpt":{"rendered":"<p>Wir besuchten Schtetl an der Grenze und Orte mit fr\u00fcher deutsch-j\u00fcdischen Kultusgemeinden: Den heutigen Kreis Silute s\u00fcdlich von Klaipeda (Stadt Memel), darin enthalten der fr\u00fchere deutsche Landkreis Heydekrug.<\/p>\n","protected":false},"author":5,"featured_media":12482,"comment_status":"closed","ping_status":"closed","sticky":false,"template":"","format":"standard","meta":{"footnotes":""},"categories":[84,108,137,136,88],"tags":[399,408,261,336,179,348,49,412,411,400,409,410,331],"class_list":["post-12497","post","type-post","status-publish","format-standard","has-post-thumbnail","hentry","category-denkmaeler","category-heydekrug-silute","category-heydekrug-silute-lit-de","category-personlichkeiten","category-vereinsnachrichten","tag-border-region-de","tag-heydekrug-de","tag-jewsineastprussia-de","tag-judeninostpreussen-2-de","tag-lithuania-de","tag-memelland-de","tag-ostpreussen-de","tag-russ","tag-schtetl","tag-shtetl-de","tag-silute-de","tag-synagoge-2","tag-synagogues-de","entry","has-media"],"_links":{"self":[{"href":"https:\/\/jewsineastprussia.de\/de\/wp-json\/wp\/v2\/posts\/12497","targetHints":{"allow":["GET"]}}],"collection":[{"href":"https:\/\/jewsineastprussia.de\/de\/wp-json\/wp\/v2\/posts"}],"about":[{"href":"https:\/\/jewsineastprussia.de\/de\/wp-json\/wp\/v2\/types\/post"}],"author":[{"embeddable":true,"href":"https:\/\/jewsineastprussia.de\/de\/wp-json\/wp\/v2\/users\/5"}],"replies":[{"embeddable":true,"href":"https:\/\/jewsineastprussia.de\/de\/wp-json\/wp\/v2\/comments?post=12497"}],"version-history":[{"count":7,"href":"https:\/\/jewsineastprussia.de\/de\/wp-json\/wp\/v2\/posts\/12497\/revisions"}],"predecessor-version":[{"id":12515,"href":"https:\/\/jewsineastprussia.de\/de\/wp-json\/wp\/v2\/posts\/12497\/revisions\/12515"}],"wp:featuredmedia":[{"embeddable":true,"href":"https:\/\/jewsineastprussia.de\/de\/wp-json\/wp\/v2\/media\/12482"}],"wp:attachment":[{"href":"https:\/\/jewsineastprussia.de\/de\/wp-json\/wp\/v2\/media?parent=12497"}],"wp:term":[{"taxonomy":"category","embeddable":true,"href":"https:\/\/jewsineastprussia.de\/de\/wp-json\/wp\/v2\/categories?post=12497"},{"taxonomy":"post_tag","embeddable":true,"href":"https:\/\/jewsineastprussia.de\/de\/wp-json\/wp\/v2\/tags?post=12497"}],"curies":[{"name":"wp","href":"https:\/\/api.w.org\/{rel}","templated":true}]}}