{"id":12542,"date":"2025-09-28T20:41:33","date_gmt":"2025-09-28T18:41:33","guid":{"rendered":"https:\/\/jewsineastprussia.de\/conference-contribution-the-role-of-jews-at-the-border\/"},"modified":"2025-09-28T21:47:13","modified_gmt":"2025-09-28T19:47:13","slug":"conference-contribution-the-role-of-jews-at-the-border","status":"publish","type":"post","link":"https:\/\/jewsineastprussia.de\/de\/conference-contribution-the-role-of-jews-at-the-border\/","title":{"rendered":"Konferenzbeitrag: Die Rolle der Juden an der Grenze"},"content":{"rendered":"\n<p>Zum 500-j\u00e4hrigen Jubil\u00e4um des Herzogtums Preu\u00dfen und der litauisch-preu\u00dfischen Grenzregion \u2013 fand am 18. September 2025 eine Konferenz in Vilkavi\u0161kis statt.<\/p>\n\n\n<div class=\"wp-block-image\">\n<figure class=\"aligncenter size-large is-resized\"><img fetchpriority=\"high\" decoding=\"async\" width=\"1024\" height=\"499\" src=\"https:\/\/jewsineastprussia.de\/wp-content\/uploads\/2025\/09\/Vortrag-ML-cut-1024x499.jpg\" alt=\"Lecture in Vilkaviskis SEP18 2015\" class=\"wp-image-12518\" style=\"width:600px\" srcset=\"https:\/\/jewsineastprussia.de\/wp-content\/uploads\/2025\/09\/Vortrag-ML-cut-1024x499.jpg 1024w, https:\/\/jewsineastprussia.de\/wp-content\/uploads\/2025\/09\/Vortrag-ML-cut-300x146.jpg 300w, https:\/\/jewsineastprussia.de\/wp-content\/uploads\/2025\/09\/Vortrag-ML-cut-768x374.jpg 768w, https:\/\/jewsineastprussia.de\/wp-content\/uploads\/2025\/09\/Vortrag-ML-cut.jpg 1260w\" sizes=\"(max-width: 1024px) 100vw, 1024px\" \/><\/figure>\n<\/div>\n\n\n<p class=\"has-text-align-center\">Hier folgt die Zusammenfassung des Vortrags von Michael Leiserowitz vom Verein \u201eJuden in Ostpreussen\u201c<\/p>\n\n\n\n<h2 class=\"wp-block-heading has-pale-cyan-blue-background-color has-background\">Die Rolle der Juden an der Ostpreu\u00df\u00edschen Grenze in Momentaufnahmen<\/h2>\n\n\n\n<p>Die Entwicklung der j\u00fcdischen Ansiedlung beiderseits der Grenze verlief sehr unterschiedlich \u2013 im 15. Jh lehnte der Ordensstaat den Zuzug von Juden ab, w\u00e4hrend Juden schon an Ende des 14. Jh vom Litauischen Gro\u00dff\u00fcrsten eingeladen wurden. Aber f\u00fcr eine d\u00fcnn besiedelte Grenzregion hatte diese Tatsache damals noch keine besondere Bedeutung.<\/p>\n\n\n\n<figure class=\"wp-block-gallery has-nested-images columns-default is-cropped wp-block-gallery-1 is-layout-flex wp-block-gallery-is-layout-flex\">\n<figure class=\"wp-block-image size-large\"><img decoding=\"async\" width=\"898\" height=\"1024\" data-id=\"12520\" src=\"https:\/\/jewsineastprussia.de\/wp-content\/uploads\/2025\/09\/Melno-openstreet-898x1024.png\" alt=\"\" class=\"wp-image-12520\" srcset=\"https:\/\/jewsineastprussia.de\/wp-content\/uploads\/2025\/09\/Melno-openstreet-898x1024.png 898w, https:\/\/jewsineastprussia.de\/wp-content\/uploads\/2025\/09\/Melno-openstreet-263x300.png 263w, https:\/\/jewsineastprussia.de\/wp-content\/uploads\/2025\/09\/Melno-openstreet-768x876.png 768w, https:\/\/jewsineastprussia.de\/wp-content\/uploads\/2025\/09\/Melno-openstreet.png 1072w\" sizes=\"(max-width: 898px) 100vw, 898px\" \/><figcaption class=\"wp-element-caption\">Map data from <a href=\"https:\/\/www.openstreetmap.org\/copyright\">OpenStreetMap<\/a><\/figcaption><\/figure>\n\n\n\n<figure class=\"wp-block-image size-large\"><img decoding=\"async\" width=\"855\" height=\"672\" data-id=\"12522\" src=\"https:\/\/jewsineastprussia.de\/wp-content\/uploads\/2025\/09\/Synagoge-Vilkaviskis.jpg\" alt=\"\" class=\"wp-image-12522\" srcset=\"https:\/\/jewsineastprussia.de\/wp-content\/uploads\/2025\/09\/Synagoge-Vilkaviskis.jpg 855w, https:\/\/jewsineastprussia.de\/wp-content\/uploads\/2025\/09\/Synagoge-Vilkaviskis-300x236.jpg 300w, https:\/\/jewsineastprussia.de\/wp-content\/uploads\/2025\/09\/Synagoge-Vilkaviskis-768x604.jpg 768w\" sizes=\"(max-width: 855px) 100vw, 855px\" \/><\/figure>\n\n\n\n<figure class=\"wp-block-image size-large\"><img loading=\"lazy\" decoding=\"async\" width=\"334\" height=\"422\" data-id=\"12524\" src=\"https:\/\/jewsineastprussia.de\/wp-content\/uploads\/2025\/09\/Peddler.jpg\" alt=\"\" class=\"wp-image-12524\" srcset=\"https:\/\/jewsineastprussia.de\/wp-content\/uploads\/2025\/09\/Peddler.jpg 334w, https:\/\/jewsineastprussia.de\/wp-content\/uploads\/2025\/09\/Peddler-237x300.jpg 237w\" sizes=\"(max-width: 334px) 100vw, 334px\" \/><\/figure>\n<\/figure>\n\n\n\n<p>\u00cdm 16. Jh wandelt sich der Ordensstaat zum Herzogtum Preu\u00dfen, aber das Verh\u00e4ltnis zu Juden war weiterhin restriktiv. Die Gr\u00fcndung einer Universit\u00e4t und der Handel machten K\u00f6nigsberg f\u00fcr einzelne Juden attraktiv. Auf der litauischen Seite der Grenze erfolgten gef\u00f6rderte Gr\u00fcndungen von St\u00e4dten, in denen sich auch Juden niederlie\u00dfen. In K\u00f6nigsberg durften Juden um 1700 einen Friedhof anlegen. Auf beiden Seiten der Grenze nahm die Zahl der Juden zu, die Ungleichheit der Verteilung blieb aber weiterhin bestehen. Die Grenz\u00fcberquerung an sich war zu der Zeit noch eher ein Privileg f\u00fcr besser gestellte Gesch\u00e4ftsleute.<\/p>\n\n\n\n<p>Zu Anfang des 19. Jh. ver\u00e4nderten Kriege und Aufst\u00e4nde die politischen Verh\u00e4ltnisse mehrmals. Auf der nun russisch besetzten Seite gab es eine ganze Reihe von Shtetel mit hohem j\u00fcdischen Bev\u00f6lkerungsanteil. In Ostpreu\u00dfen siedelten sich nach dem Judenedikt von 1812 besonders aus Westpreu\u00dfen kommende Juden an. Das Passieren der Grenze blieb w\u00e4hrend aller politischen \u00c4nderungen weitgehend m\u00f6glich, nun begannen auch minderbemittelte Juden die Grenze zu \u00fcberqueren. Handelnde Juden im grenznahen Verkehr wurden zu einer Alltagserscheinung. Besonders die Einwohner der Grenzorte gingen auf Reisen. Man kann davon ausgehen, dass gerade sie auch viel n\u00f6tige Landes- und Sprachkenntnis \u00fcber Ostpreu\u00dfen verbreiteten.<\/p>\n\n\n\n<figure class=\"wp-block-gallery has-nested-images columns-default is-cropped wp-block-gallery-2 is-layout-flex wp-block-gallery-is-layout-flex\">\n<figure class=\"wp-block-image size-large\"><img loading=\"lazy\" decoding=\"async\" width=\"917\" height=\"684\" data-id=\"12526\" src=\"https:\/\/jewsineastprussia.de\/wp-content\/uploads\/2025\/09\/Border-imperia-Ger-Rus.jpg\" alt=\"\" class=\"wp-image-12526\" srcset=\"https:\/\/jewsineastprussia.de\/wp-content\/uploads\/2025\/09\/Border-imperia-Ger-Rus.jpg 917w, https:\/\/jewsineastprussia.de\/wp-content\/uploads\/2025\/09\/Border-imperia-Ger-Rus-300x224.jpg 300w, https:\/\/jewsineastprussia.de\/wp-content\/uploads\/2025\/09\/Border-imperia-Ger-Rus-768x573.jpg 768w\" sizes=\"(max-width: 917px) 100vw, 917px\" \/><\/figure>\n\n\n\n<figure class=\"wp-block-image size-large\"><img loading=\"lazy\" decoding=\"async\" width=\"979\" height=\"706\" data-id=\"12528\" src=\"https:\/\/jewsineastprussia.de\/wp-content\/uploads\/2025\/09\/Eydtkuhnen-Bhf-c.jpg\" alt=\"\" class=\"wp-image-12528\" srcset=\"https:\/\/jewsineastprussia.de\/wp-content\/uploads\/2025\/09\/Eydtkuhnen-Bhf-c.jpg 979w, https:\/\/jewsineastprussia.de\/wp-content\/uploads\/2025\/09\/Eydtkuhnen-Bhf-c-300x216.jpg 300w, https:\/\/jewsineastprussia.de\/wp-content\/uploads\/2025\/09\/Eydtkuhnen-Bhf-c-768x554.jpg 768w\" sizes=\"(max-width: 979px) 100vw, 979px\" \/><\/figure>\n<\/figure>\n\n\n\n<p>Zur Jahrhundertwende hin waren schlie\u00dflich zwei Imperien unmittelbare Nachbarn \u2013 das Deutsche Reich und das Russische Zarenreich. Technische Neuerungen wie die Einf\u00fchrung der Eisenbahn bewirkten grundlegende \u00c4nderungen in der Grenzregion. So konzentrierten sich Geschehen und alle Reisenden auf die Grenzbahnh\u00f6fe. Die getakteten Reiseverbindungen ben\u00f6tigten eine rasche und gleichzeitige Abfertigung gr\u00f6\u00dferer Gruppen aus den Bereichen Tourismus, Gesch\u00e4ftsreisen und internationale Auswanderung aus dem Osten in Richtung der Hafenst\u00e4dte im Westen. F\u00fcr alle Reisezwecke entwickelte sich in der Grenzregion eine unterst\u00fctzende Infrastruktur, bei der die Mehrsprachigkeit eine Selbstverst\u00e4ndlichkeit war. \u00dcber die meisten Zeitr\u00e4ume gab es auch erleichterte Einreisebedingungen f\u00fcr Reisende innerhalb der 30 km Grenzzone, sodass auch Berufs- und Bildungspendelverkehr m\u00f6glich wurde und sich allgemein der Wohlstand aller Bev\u00f6lkerungsgruppen mehrte. Davon profitierte gerade die j\u00fcdische Bev\u00f6lkerung sehr stark.<\/p>\n\n\n\n<p>Bis zu Beginn des Ersten Weltkrieges lie\u00df sich die Grenzregion als eine Schnittstelle zwischen zwei Imperien verstehen, an der die Juden durch ihre T\u00e4tigkeit und Unternehmen einen gro\u00dfen Anteil hatten.<\/p>\n\n\n\n<h2 class=\"wp-block-heading\">Beweggr\u00fcnde f\u00fcr die Konferenz am 18. September 2025<\/h2>\n\n\n\n<p>Im Kreis Vilkavi\u0161kis im S\u00fcdwesten Litauens ist man sich der historischen Bedeutung der N\u00e4he zu der Region Ostpreu\u00dfens bewusst. Diese Nachbarschaft war wichtig f\u00fcr die wirtschaftliche Entwicklung, aber auch f\u00fcr den kulturellen Einfluss. Die Reformation, die Aufkl\u00e4rung, die Entstehung moderner Bewegungen, wie des nationalen Erwachen Litauens, der Entstehung der Arbeiterbewegung, und vielf\u00e4ltiger Bildungsm\u00f6glichkeiten sind nur einige Beispiele. Der Verlauf der Grenze ist \u00a0500 Jahren durch ein Friedensabkommen bis zur heutigen Zeit weitgehend stabil \u2013 es \u00e4nderte sich nur von Zeit zu Zeit die Staatlichkeit auf beiden Seiten. Die Veranstalter der Konferenz bezeichneten sich selbst als \u201eH\u00fcter der Erinnerung an die lange Nachbarschaft zu (Ost)Preu\u00dfen\u201c.<\/p>\n\n\n\n<figure class=\"wp-block-gallery has-nested-images columns-default is-cropped wp-block-gallery-3 is-layout-flex wp-block-gallery-is-layout-flex\">\n<figure class=\"wp-block-image size-large\"><img loading=\"lazy\" decoding=\"async\" width=\"1024\" height=\"704\" data-id=\"12533\" src=\"https:\/\/jewsineastprussia.de\/wp-content\/uploads\/2025\/09\/Kulturz-Museum-Vilkaviskis-1024x704.jpg\" alt=\"\" class=\"wp-image-12533\" srcset=\"https:\/\/jewsineastprussia.de\/wp-content\/uploads\/2025\/09\/Kulturz-Museum-Vilkaviskis-1024x704.jpg 1024w, https:\/\/jewsineastprussia.de\/wp-content\/uploads\/2025\/09\/Kulturz-Museum-Vilkaviskis-300x206.jpg 300w, https:\/\/jewsineastprussia.de\/wp-content\/uploads\/2025\/09\/Kulturz-Museum-Vilkaviskis-768x528.jpg 768w, https:\/\/jewsineastprussia.de\/wp-content\/uploads\/2025\/09\/Kulturz-Museum-Vilkaviskis-1536x1056.jpg 1536w, https:\/\/jewsineastprussia.de\/wp-content\/uploads\/2025\/09\/Kulturz-Museum-Vilkaviskis-2048x1408.jpg 2048w\" sizes=\"(max-width: 1024px) 100vw, 1024px\" \/><figcaption class=\"wp-element-caption\">Kultur- &amp; Museumszentrum von Vilkavi\u0161kis<\/figcaption><\/figure>\n\n\n\n<figure class=\"wp-block-image size-large\"><img loading=\"lazy\" decoding=\"async\" width=\"1024\" height=\"743\" data-id=\"12535\" src=\"https:\/\/jewsineastprussia.de\/wp-content\/uploads\/2025\/09\/Vilkaviskis-Town.jpg\" alt=\"\" class=\"wp-image-12535\" srcset=\"https:\/\/jewsineastprussia.de\/wp-content\/uploads\/2025\/09\/Vilkaviskis-Town.jpg 1024w, https:\/\/jewsineastprussia.de\/wp-content\/uploads\/2025\/09\/Vilkaviskis-Town-300x218.jpg 300w, https:\/\/jewsineastprussia.de\/wp-content\/uploads\/2025\/09\/Vilkaviskis-Town-768x557.jpg 768w\" sizes=\"(max-width: 1024px) 100vw, 1024px\" \/><figcaption class=\"wp-element-caption\">Vilkavi\u0161kis<\/figcaption><\/figure>\n<\/figure>\n\n\n\n<p>Sp\u00e4ter sollen die Beitr\u00e4ge der Konferenz als Buch ver\u00f6ffentlicht werden.<\/p>\n\n\n<div class=\"wp-block-image\">\n<figure class=\"aligncenter size-full is-resized\"><img loading=\"lazy\" decoding=\"async\" width=\"855\" height=\"274\" src=\"https:\/\/jewsineastprussia.de\/wp-content\/uploads\/2025\/09\/Logos-Konferenz.jpg\" alt=\"\" class=\"wp-image-12530\" style=\"width:817px;height:auto\" srcset=\"https:\/\/jewsineastprussia.de\/wp-content\/uploads\/2025\/09\/Logos-Konferenz.jpg 855w, https:\/\/jewsineastprussia.de\/wp-content\/uploads\/2025\/09\/Logos-Konferenz-300x96.jpg 300w, https:\/\/jewsineastprussia.de\/wp-content\/uploads\/2025\/09\/Logos-Konferenz-768x246.jpg 768w\" sizes=\"(max-width: 855px) 100vw, 855px\" \/><\/figure>\n<\/div>\n\n\n<p>Veranstalter der Konferenz: Tourismus- und Wirtschaftsinformationszentrum Vilkavi\u0161kis, Akademie<br>f\u00fcr \u00f6ffentliche Sicherheit der Mykolas-Romeris-Universit\u00e4t.<\/p>\n\n\n\n<p><\/p>\n","protected":false},"excerpt":{"rendered":"<p>Hier folgt die Zusammenfassung des Vortrags von Michael Leiserowitz vom Verein \u201eJuden in Ostpreussen\u201c.<\/p>\n","protected":false},"author":5,"featured_media":12534,"comment_status":"closed","ping_status":"closed","sticky":false,"template":"","format":"standard","meta":{"footnotes":""},"categories":[135,74,285,73,141,88],"tags":[210,417,402,263,46,184,250,49,191],"class_list":["post-12542","post","type-post","status-publish","format-standard","has-post-thumbnail","hentry","category-kaliningrad-region-russia-de","category-litauen","category-neu-ostpreussen","category-polen","category-veranstaltungen-de","category-vereinsnachrichten","tag-emigration-de","tag-geschichte","tag-grenzregion","tag-judeninostpreussen","tag-konigsberg-de","tag-litauen","tag-ostpreussen-2","tag-ostpreussen-de","tag-vilkaviskis-de","entry","has-media"],"_links":{"self":[{"href":"https:\/\/jewsineastprussia.de\/de\/wp-json\/wp\/v2\/posts\/12542","targetHints":{"allow":["GET"]}}],"collection":[{"href":"https:\/\/jewsineastprussia.de\/de\/wp-json\/wp\/v2\/posts"}],"about":[{"href":"https:\/\/jewsineastprussia.de\/de\/wp-json\/wp\/v2\/types\/post"}],"author":[{"embeddable":true,"href":"https:\/\/jewsineastprussia.de\/de\/wp-json\/wp\/v2\/users\/5"}],"replies":[{"embeddable":true,"href":"https:\/\/jewsineastprussia.de\/de\/wp-json\/wp\/v2\/comments?post=12542"}],"version-history":[{"count":5,"href":"https:\/\/jewsineastprussia.de\/de\/wp-json\/wp\/v2\/posts\/12542\/revisions"}],"predecessor-version":[{"id":12549,"href":"https:\/\/jewsineastprussia.de\/de\/wp-json\/wp\/v2\/posts\/12542\/revisions\/12549"}],"wp:featuredmedia":[{"embeddable":true,"href":"https:\/\/jewsineastprussia.de\/de\/wp-json\/wp\/v2\/media\/12534"}],"wp:attachment":[{"href":"https:\/\/jewsineastprussia.de\/de\/wp-json\/wp\/v2\/media?parent=12542"}],"wp:term":[{"taxonomy":"category","embeddable":true,"href":"https:\/\/jewsineastprussia.de\/de\/wp-json\/wp\/v2\/categories?post=12542"},{"taxonomy":"post_tag","embeddable":true,"href":"https:\/\/jewsineastprussia.de\/de\/wp-json\/wp\/v2\/tags?post=12542"}],"curies":[{"name":"wp","href":"https:\/\/api.w.org\/{rel}","templated":true}]}}