{"id":4211,"date":"2019-09-20T12:37:06","date_gmt":"2019-09-20T10:37:06","guid":{"rendered":"https:\/\/jewsineastprussia.de\/talks-in-berlin-about-kaliningrad\/"},"modified":"2019-10-15T18:58:47","modified_gmt":"2019-10-15T16:58:47","slug":"talks-in-berlin-about-kaliningrad","status":"publish","type":"post","link":"https:\/\/jewsineastprussia.de\/de\/talks-in-berlin-about-kaliningrad\/","title":{"rendered":"Gespr\u00e4che in Berlin \u00fcber Kaliningrad"},"content":{"rendered":"<p>(Facebook Beitrag vom Ostpreu\u00dfischen Landesmuseum 20. Sep 2019) Vorigen November konnte nach einigen Jahren die K\u00f6nigsberger Synagoge wiederer\u00f6ffnet werden, nachdem sie 80 Jahre zuvor bei den Novemberpogromen dem nationalsoazialistischen Terror zum Opfer gefallen war. Gegen\u00fcber der Dominsel mit Dom und dem Grab von Immanuel Kant sowie dem Julius-Rupp-Gedenkstein ist sie nun wieder ein markanter architektonischer Leuchtturm im heutigen Kaliningrad.<\/p>\n<p><img fetchpriority=\"high\" decoding=\"async\" class=\"alignnone size-medium wp-image-4208\" src=\"https:\/\/jewsineastprussia.de\/wp-content\/uploads\/2019\/09\/Gurevich-Leiserowitz-Berlin-300x294.jpg\" alt=\"Rabbi Gurevich and Prof Leiserowitz\" width=\"300\" height=\"294\" srcset=\"https:\/\/jewsineastprussia.de\/wp-content\/uploads\/2019\/09\/Gurevich-Leiserowitz-Berlin-300x294.jpg 300w, https:\/\/jewsineastprussia.de\/wp-content\/uploads\/2019\/09\/Gurevich-Leiserowitz-Berlin-768x753.jpg 768w, https:\/\/jewsineastprussia.de\/wp-content\/uploads\/2019\/09\/Gurevich-Leiserowitz-Berlin.jpg 1024w\" sizes=\"(max-width: 300px) 100vw, 300px\" \/><\/p>\n<p>Wie sie kult<span class=\"text_exposed_show\">urell mit Leben gef\u00fcllt, f\u00fcr Touristen attraktiv und wie die Geschichte j\u00fcdischen Lebens im alten K\u00f6nigsberg am besten vermittelt werden kann, wurde gestern in Berlin mit Prof. Ruth Leiserowitz vom Verein\u00a0<a href=\"https:\/\/www.facebook.com\/JudeninOstpreussen\/?__xts__%5B0%5D=68.ARBLbgEIQkqtvqiHsZrvdo44GmT5CJtamwmt1C5IU7cXfSayv5uGBs2ad9VXGqC8EBFnUk8k4bKypjT1wnezWExXK8t9h6Dl8jkvJaXmclnZJf1uSVUd9sW3cUAt6d1SwxQx3rqOBbBQtT1S1rNAnSrOqNmdhKiiVTYGU1rK8VpFUCDpd05NvjdyflxtcoP-cbYeYSh2u-Ff_7lM-w5tdza6vf7ZD35i1ZAxMj7xmatkckOc0hUKf3nfe5dyZNg7Vvmyn3KRStIClP5dUruVOIwYgZP2gu5fclF5AoBYQhrUBxLEPpKJJo8THr1p9TiERqx0aT2ytq2lkhrUCnwc6Tgbzg&amp;__tn__=%2CdK%2AF-R&amp;eid=ARAoMzyT_qWQxaGFelWkqNsyfD1eMEfMG_MZwrdSuCKXTdSFQ7C_uzm4JTER_IbqKCGZKGcgTArRPjhp\" data-hovercard=\"\/ajax\/hovercard\/page.php?id=279933375422695&amp;extragetparams=%7B%22__tn__%22%3A%22%2CdK%2AF-R%22%2C%22eid%22%3A%22ARAoMzyT_qWQxaGFelWkqNsyfD1eMEfMG_MZwrdSuCKXTdSFQ7C_uzm4JTER_IbqKCGZKGcgTArRPjhp%22%2C%22directed_target_id%22%3Anull%2C%22groups_location%22%3Anull%7D\" data-hovercard-prefer-more-content-show=\"1\">JudeninOstpreussen<\/a> und dem Sonderbeauftragten f\u00fcr Kaliningrad und den Bezirk der F\u00f6deration J\u00fcdischer Gemeinden Russlands, Rabbiner A.Gurevich, in Berlin diskutiert. Viele gute Ideen wurden ausgetauscht, hoffen wir das Beste, dass sie sich realisieren lassen. Wir dr\u00fccken jedenfalls die Daumen f\u00fcr eine gute Entwicklung!<\/span><\/p>\n<p>&nbsp;<\/p>\n<div class=\"oceanwp-oembed-wrap clr\">\n<div id=\"fb-root\"><\/div>\n<p><script async=\"1\" defer=\"1\" crossorigin=\"anonymous\" src=\"https:\/\/connect.facebook.net\/de_DE\/sdk.js#xfbml=1&amp;version=v4.0\"><\/script><\/p>\n<div class=\"fb-post\" data-href=\"https:\/\/www.facebook.com\/OstpreussischesLandesmuseum\/photos\/a.378687838866448\/2488676731200871\/?type=3&amp;theater\" data-width=\"750\">\n<blockquote cite=\"https:\/\/www.facebook.com\/OstpreussischesLandesmuseum\/photos\/a.378687838866448\/2488676731200871\/?type=3\" class=\"fb-xfbml-parse-ignore\">\n<p>Vorigen November konnte nach einigen Jahren die K\u00f6nigsberger Synagoge wiederer\u00f6ffnet werden, nachdem sie 80 Jahre zuvor&#8230;<\/p>\n<p>Gepostet von <a href=\"https:\/\/www.facebook.com\/OstpreussischesLandesmuseum\/\">Ostpreu\u00dfisches Landesmuseum<\/a> am&nbsp;<a href=\"https:\/\/www.facebook.com\/OstpreussischesLandesmuseum\/photos\/a.378687838866448\/2488676731200871\/?type=3\">Freitag, 20. September 2019<\/a><\/p><\/blockquote>\n<\/div>\n<\/div>\n","protected":false},"excerpt":{"rendered":"<p>Wie in die Synagoge Kaliningrad kulturell mit Leben gef\u00fcllt, wie sie f\u00fcr Touristen attraktiv wird und wie die Geschichte j\u00fcdischen Lebens im alten K\u00f6nigsberg am besten vermittelt werden kann, wurde am 19.09.19 in Berlin mit Prof. Ruth Leiserowitz vom Verein Juden in Ostpreussen und dem Sonderbeauftragten f\u00fcr Kaliningrad und den Bezirk der F\u00f6deration J\u00fcdischer Gemeinden Russlands, Rabbiner A.Gurevich, in Berlin diskutiert.<\/p>\n","protected":false},"author":1,"featured_media":4215,"comment_status":"closed","ping_status":"open","sticky":false,"template":"","format":"standard","meta":{"footnotes":""},"categories":[76,88],"tags":[45,46],"class_list":["post-4211","post","type-post","status-publish","format-standard","has-post-thumbnail","hentry","category-nachrichten-von-der-kaliningrader-synagoge","category-vereinsnachrichten","tag-berlin-de","tag-konigsberg-de","entry","has-media"],"_links":{"self":[{"href":"https:\/\/jewsineastprussia.de\/de\/wp-json\/wp\/v2\/posts\/4211","targetHints":{"allow":["GET"]}}],"collection":[{"href":"https:\/\/jewsineastprussia.de\/de\/wp-json\/wp\/v2\/posts"}],"about":[{"href":"https:\/\/jewsineastprussia.de\/de\/wp-json\/wp\/v2\/types\/post"}],"author":[{"embeddable":true,"href":"https:\/\/jewsineastprussia.de\/de\/wp-json\/wp\/v2\/users\/1"}],"replies":[{"embeddable":true,"href":"https:\/\/jewsineastprussia.de\/de\/wp-json\/wp\/v2\/comments?post=4211"}],"version-history":[{"count":4,"href":"https:\/\/jewsineastprussia.de\/de\/wp-json\/wp\/v2\/posts\/4211\/revisions"}],"predecessor-version":[{"id":4412,"href":"https:\/\/jewsineastprussia.de\/de\/wp-json\/wp\/v2\/posts\/4211\/revisions\/4412"}],"wp:featuredmedia":[{"embeddable":true,"href":"https:\/\/jewsineastprussia.de\/de\/wp-json\/wp\/v2\/media\/4215"}],"wp:attachment":[{"href":"https:\/\/jewsineastprussia.de\/de\/wp-json\/wp\/v2\/media?parent=4211"}],"wp:term":[{"taxonomy":"category","embeddable":true,"href":"https:\/\/jewsineastprussia.de\/de\/wp-json\/wp\/v2\/categories?post=4211"},{"taxonomy":"post_tag","embeddable":true,"href":"https:\/\/jewsineastprussia.de\/de\/wp-json\/wp\/v2\/tags?post=4211"}],"curies":[{"name":"wp","href":"https:\/\/api.w.org\/{rel}","templated":true}]}}