{"id":4225,"date":"2019-10-04T00:51:10","date_gmt":"2019-10-03T22:51:10","guid":{"rendered":"https:\/\/jewsineastprussia.de\/jews-on-the-battlefield-of-the-great-war\/"},"modified":"2019-10-08T21:46:08","modified_gmt":"2019-10-08T19:46:08","slug":"jews-on-the-battlefield-of-the-great-war","status":"publish","type":"post","link":"https:\/\/jewsineastprussia.de\/de\/jews-on-the-battlefield-of-the-great-war\/","title":{"rendered":"Juden auf dem Schlachtfeld des Gro\u00dfen Krieges"},"content":{"rendered":"<p><img fetchpriority=\"high\" decoding=\"async\" class=\"alignnone wp-image-4219 size-full\" src=\"https:\/\/jewsineastprussia.de\/wp-content\/uploads\/2019\/10\/SoldatenWW1-2.jpg\" alt=\"Jewish Soldiers WW1\" width=\"960\" height=\"720\" srcset=\"https:\/\/jewsineastprussia.de\/wp-content\/uploads\/2019\/10\/SoldatenWW1-2.jpg 960w, https:\/\/jewsineastprussia.de\/wp-content\/uploads\/2019\/10\/SoldatenWW1-2-300x225.jpg 300w, https:\/\/jewsineastprussia.de\/wp-content\/uploads\/2019\/10\/SoldatenWW1-2-768x576.jpg 768w\" sizes=\"(max-width: 960px) 100vw, 960px\" \/><\/p>\n<h2>Kaliningrad, 6. Oktober 2019<\/h2>\n<p>Zum Gedenktag an die in Ostpreu\u00dfen in den Schlachten des Ersten Weltkriegs j\u00fcdischen Gefallenen laden ein:<\/p>\n<ul>\n<li>Neue Kaliningrader Synagoge<\/li>\n<li>Kaliningrader Regionalmuseum f\u00fcr Geschichte und Kunst<\/li>\n<li>Abteilung des Verbandes der j\u00fcdischen Gemeinden Russlands f\u00fcr die Zusammenarbeit mit den Streitkr\u00e4ften<\/li>\n<li>Katastrophenschutzministerium der Russischen F\u00f6deration<\/li>\n<li>Rechtssschutzbeh\u00f6rden und Veteranenorganisationen der Russischen F\u00f6deration<\/li>\n<\/ul>\n<p><strong>Prof. Ruth Leiserowitz (Juden in Ostpreussen e.V.) wird in der Synagoge einen Vortrag halten<\/strong><\/p>\n<p><strong>Programm 6. Oktober 2019<br \/>\n<\/strong><\/p>\n<p>11:30 Uhr Kranzniederlegung am Denkmal f\u00fcr die Soldaten des Ersten Weltkriegs auf dem <strong>Gvardejski Prospekt<\/strong><br \/>\n12:30 Uhr Zeremonie auf dem <strong>alten j\u00fcdischen Friedhof (ul. Jubilejnaja)<\/strong>: Ehrenwache, Enth\u00fcllung der Gedenktafel und der Informationstafel \u201cStra\u00dfen des russischen Soldaten&#8220;<br \/>\n14:30 Uhr Er\u00f6ffnung der Ausstellung &#8222;Juden auf den Schlachtfeldern des Ersten Weltkriegs&#8220; in der Neuen <strong>Kaliningrader Synagoge<\/strong><br \/>\n15:00 Uhr Festakt und Konzert im Gebetssaal der Neuen <strong>Kaliningrader Synagoge<\/strong><br \/>\n16:00 Uhr Buffet<br \/>\n17:00 Uhr Literarische und historische Lesungen im Museumsraum der Neuen <strong>Kaliningrader Synagoge<\/strong><br \/>\n20:30 Uhr Abendessen f\u00fcr die Teilnehmer der Lesungen<\/p>\n<p>(Sprache Russisch)<\/p>\n<p>Unterst\u00fctzt durch:<\/p>\n<ul>\n<li>Ministerium f\u00fcr Kultur und Tourismus der Region Kaliningrad<\/li>\n<li>Russische Milit\u00e4rhistorische Gesellschaft (Abteilung Kaliningrad)<\/li>\n<li>Kuratorium der J\u00fcdischen Gemeinde Kaliningrad<\/li>\n<\/ul>\n<p><img decoding=\"async\" class=\"size-medium wp-image-4221 aligncenter\" src=\"https:\/\/jewsineastprussia.de\/wp-content\/uploads\/2019\/10\/SoldatenWW1-1-300x193.jpg\" alt=\"Prayers of Jewish Soldiers WW1\" width=\"300\" height=\"193\" srcset=\"https:\/\/jewsineastprussia.de\/wp-content\/uploads\/2019\/10\/SoldatenWW1-1-300x193.jpg 300w, https:\/\/jewsineastprussia.de\/wp-content\/uploads\/2019\/10\/SoldatenWW1-1.jpg 719w\" sizes=\"(max-width: 300px) 100vw, 300px\" \/><\/p>\n","protected":false},"excerpt":{"rendered":"<p>Erinnerung an die j\u00fcdischen Soldaten aller Armeen im Ersten Weltkrieg. Veranstaltungen am 06. Oktober 2019 in Kaliningrad (Russland, deutsch: K\u00f6nigsberg, Ostpreu\u00dfen, ehemaliges Deutschland)<\/p>\n","protected":false},"author":1,"featured_media":4220,"comment_status":"closed","ping_status":"closed","sticky":false,"template":"","format":"standard","meta":{"footnotes":""},"categories":[84,65,76],"tags":[],"class_list":["post-4225","post","type-post","status-publish","format-standard","has-post-thumbnail","hentry","category-denkmaeler","category-events","category-nachrichten-von-der-kaliningrader-synagoge","entry","has-media"],"_links":{"self":[{"href":"https:\/\/jewsineastprussia.de\/de\/wp-json\/wp\/v2\/posts\/4225","targetHints":{"allow":["GET"]}}],"collection":[{"href":"https:\/\/jewsineastprussia.de\/de\/wp-json\/wp\/v2\/posts"}],"about":[{"href":"https:\/\/jewsineastprussia.de\/de\/wp-json\/wp\/v2\/types\/post"}],"author":[{"embeddable":true,"href":"https:\/\/jewsineastprussia.de\/de\/wp-json\/wp\/v2\/users\/1"}],"replies":[{"embeddable":true,"href":"https:\/\/jewsineastprussia.de\/de\/wp-json\/wp\/v2\/comments?post=4225"}],"version-history":[{"count":3,"href":"https:\/\/jewsineastprussia.de\/de\/wp-json\/wp\/v2\/posts\/4225\/revisions"}],"predecessor-version":[{"id":4228,"href":"https:\/\/jewsineastprussia.de\/de\/wp-json\/wp\/v2\/posts\/4225\/revisions\/4228"}],"wp:featuredmedia":[{"embeddable":true,"href":"https:\/\/jewsineastprussia.de\/de\/wp-json\/wp\/v2\/media\/4220"}],"wp:attachment":[{"href":"https:\/\/jewsineastprussia.de\/de\/wp-json\/wp\/v2\/media?parent=4225"}],"wp:term":[{"taxonomy":"category","embeddable":true,"href":"https:\/\/jewsineastprussia.de\/de\/wp-json\/wp\/v2\/categories?post=4225"},{"taxonomy":"post_tag","embeddable":true,"href":"https:\/\/jewsineastprussia.de\/de\/wp-json\/wp\/v2\/tags?post=4225"}],"curies":[{"name":"wp","href":"https:\/\/api.w.org\/{rel}","templated":true}]}}