{"id":4926,"date":"2020-10-07T09:15:26","date_gmt":"2020-10-07T07:15:26","guid":{"rendered":"https:\/\/jewsineastprussia.de\/in-memory-of-kurt-and-hildegard\/"},"modified":"2020-12-18T11:47:58","modified_gmt":"2020-12-18T10:47:58","slug":"in-memory-of-kurt-and-hildegard","status":"publish","type":"post","link":"https:\/\/jewsineastprussia.de\/de\/in-memory-of-kurt-and-hildegard\/","title":{"rendered":"In Gedenken an Kurt und Hildegard"},"content":{"rendered":"<p>2020: Die Kurt und Hildegard L\u00f6wenstein\/Losten Stiftung f\u00f6rdert die Besch\u00e4ftigung mit der Kultur und Geschichte der j\u00fcdischen Deutschen.<br \/>\nDie Stiftung wurde im Gedenken an den Stuttgarter Unternehmensgesch\u00e4ftsf\u00fchrer Kurt Losten, geb. L\u00f6wenstein (gest. 2011) und seiner Frau Hildegard (gest. 2017) gegr\u00fcndet.<br \/>\nDer Verein \u201eJuden in Ostpreussen\u201c bedankt sich auch in diesem Jahr sehr f\u00fcr die besondere Anerkennung, die ihm durch die Unterst\u00fctzung der Arbeit durch die Stiftung widerf\u00e4hrt. Wir forschen \u00fcber einen Teil des deutschen Judentums, deren Region heute in anderen L\u00e4ndern Europas liegt und deren Nachfahren jetzt in aller Welt zu Hause sind.<\/p>\n<p><a href=\"https:\/\/www.loewenstein-losten-stiftung.de\/\" target=\"_blank\" rel=\"noopener noreferrer\"><img fetchpriority=\"high\" decoding=\"async\" src=\"https:\/\/jewsineastprussia.de\/wp-content\/uploads\/2019\/12\/Logo-KH-Loewen-Stiftung-300x225.png\" alt=\"Kurt und Hildegard L\u00f6wenstein\/Losten Stiftung\" width=\"300\" height=\"225\" \/><\/a><\/p>\n<p>Die bewegende Geschichte des Kurt L\u00f6wenstein, der in den Zeiten der Verfolgung und der Dem\u00fctigung durch die Deutsche Nation mit der Hilfe von einzelnen aufrichtigen Personen und der Firma Bosch der Ermordung als fast Einziger seiner Familie nur \u00e4u\u00dferst knapp entgehen konnte, kann man auf der <a href=\"https:\/\/www.loewenstein-losten-stiftung.de\/\" target=\"_blank\" rel=\"noopener noreferrer\">Webseite der Stiftung<\/a> nachlesen. Aus Dankbarkeit f\u00fcr deren eigenes Lebensgl\u00fcck und die Hilfe von privaten und Gesch\u00e4ftsfreunden in schwierigen Lebenssituationen wurde die Gr\u00fcndung der Stiftung von der Witwe Hildegard Losten angeregt.<\/p>\n","protected":false},"excerpt":{"rendered":"<p>Wir sagen danke f\u00fcr die F\u00f6rderung durch diese Stiftung! Die bewegende Geschichte des Kurt L\u00f6wenstein, der in den Zeiten der Verfolgung und der Dem\u00fctigung durch die Deutsche Nation mit der Hilfe von einzelnen aufrichtigen Personen und der Firma Bosch der Ermordung als fast Einziger seiner Familie nur \u00e4u\u00dferst knapp entgehen konnte, kann man auf der Webseite der Stiftung nachlesen.<\/p>\n","protected":false},"author":1,"featured_media":4917,"comment_status":"closed","ping_status":"closed","sticky":false,"template":"","format":"standard","meta":{"footnotes":""},"categories":[88],"tags":[],"class_list":["post-4926","post","type-post","status-publish","format-standard","has-post-thumbnail","hentry","category-vereinsnachrichten","entry","has-media"],"_links":{"self":[{"href":"https:\/\/jewsineastprussia.de\/de\/wp-json\/wp\/v2\/posts\/4926","targetHints":{"allow":["GET"]}}],"collection":[{"href":"https:\/\/jewsineastprussia.de\/de\/wp-json\/wp\/v2\/posts"}],"about":[{"href":"https:\/\/jewsineastprussia.de\/de\/wp-json\/wp\/v2\/types\/post"}],"author":[{"embeddable":true,"href":"https:\/\/jewsineastprussia.de\/de\/wp-json\/wp\/v2\/users\/1"}],"replies":[{"embeddable":true,"href":"https:\/\/jewsineastprussia.de\/de\/wp-json\/wp\/v2\/comments?post=4926"}],"version-history":[{"count":12,"href":"https:\/\/jewsineastprussia.de\/de\/wp-json\/wp\/v2\/posts\/4926\/revisions"}],"predecessor-version":[{"id":8521,"href":"https:\/\/jewsineastprussia.de\/de\/wp-json\/wp\/v2\/posts\/4926\/revisions\/8521"}],"wp:featuredmedia":[{"embeddable":true,"href":"https:\/\/jewsineastprussia.de\/de\/wp-json\/wp\/v2\/media\/4917"}],"wp:attachment":[{"href":"https:\/\/jewsineastprussia.de\/de\/wp-json\/wp\/v2\/media?parent=4926"}],"wp:term":[{"taxonomy":"category","embeddable":true,"href":"https:\/\/jewsineastprussia.de\/de\/wp-json\/wp\/v2\/categories?post=4926"},{"taxonomy":"post_tag","embeddable":true,"href":"https:\/\/jewsineastprussia.de\/de\/wp-json\/wp\/v2\/tags?post=4926"}],"curies":[{"name":"wp","href":"https:\/\/api.w.org\/{rel}","templated":true}]}}