{"id":9380,"date":"2021-04-03T12:29:02","date_gmt":"2021-04-03T10:29:02","guid":{"rendered":"https:\/\/jewsineastprussia.de\/obituary-of-michael-wieck\/"},"modified":"2021-04-03T12:34:25","modified_gmt":"2021-04-03T10:34:25","slug":"obituary-of-michael-wieck","status":"publish","type":"post","link":"https:\/\/jewsineastprussia.de\/de\/obituary-of-michael-wieck\/","title":{"rendered":"Nachruf auf Michael Wieck"},"content":{"rendered":"\n<p>Michael Wieck hatte bereits in den achtziger Jahren seine Erinnerungen an die\u00a0Zeit in K\u00f6nigsberg unter der NS-Herrschaft und der sowjetischen Besatzung ver\u00f6ffentlicht, bevor das Thema K\u00f6nigsberg durch die \u00d6ffnung des Gebietes in den Medien en vogue wurde.\u00a0Unerm\u00fcdlich ermunterte er auch fr\u00fchere Weggef\u00e4hrtinnen wie Hella Wertheim-Sass und Nechama Drober zur Niederschrift ihrer Erinnerungen.<\/p>\n\n\n\n<figure class=\"wp-block-image size-large\"><img fetchpriority=\"high\" decoding=\"async\" width=\"1024\" height=\"683\" src=\"https:\/\/jewsineastprussia.de\/wp-content\/uploads\/2021\/04\/InterviewKarta-Sign.jpg\" alt=\"Michael Wieck\" class=\"wp-image-9372\" srcset=\"https:\/\/jewsineastprussia.de\/wp-content\/uploads\/2021\/04\/InterviewKarta-Sign.jpg 1024w, https:\/\/jewsineastprussia.de\/wp-content\/uploads\/2021\/04\/InterviewKarta-Sign-300x200.jpg 300w, https:\/\/jewsineastprussia.de\/wp-content\/uploads\/2021\/04\/InterviewKarta-Sign-768x512.jpg 768w\" sizes=\"(max-width: 1024px) 100vw, 1024px\" \/><\/figure>\n\n\n\n<p>Das &#8222;Zeugnis vom Untergang K\u00f6nigsbergs&#8220; erschien in englischer und russischer Sprache.\u00a0Sp\u00e4ter reiste\u00a0Wieck mit Buch und Violine nach Kaliningrad, um seine Erinnerungen in der\u00a0Heimatstadt\u00a0vorzustellen. Er \u00fcberzeugte dort dreifach: durch seine schlichten aber eindrucksvollen Worte, durch seinen wohlwollenden aber kritischen Blick und durch die Kraft der Musik. 2019 erschien eine polnische Ausgabe unter dem Titel:\u00a0\u201eMiasto utracone. M\u0142odo\u015b\u0107 w\u00a0K\u00f6nigsbergu w\u00a0czasach Hitlera i\u00a0Stalina\u201d\u00a0 Michael Wieck begab sich noch einmal auf den Weg, um sein Werk \u00a0polnischen Lesern in Allenstein, im Mendelsohn-Haus und in Warschau pers\u00f6nlich vorzustellen. Auf beiden Veranstaltungen zeigte sich das zahlreiche Publikum tief\u00a0von der Biographie Wiecks\u00a0und seiner Person beeindruckt.\u00a0\u00a0Diese Reise wurde vom Verein &#8222;Juden\u00a0in Ostpreu\u00dfen e.v.&#8220; organisiert. Herr Wieck hat die Arbeit unseres Vereins\u00a0 stets\u00a0freundlich und kritisch unterst\u00fctzt. Wir verdanken ihm viel. Seine Lebensgeschichte wird\u00a0\u00a0im\u00a0gerade entstehenden J\u00fcdischen Museum in der Synagoge Kaliningrad einen geb\u00fchrenden\u00a0Platz einnehmen.<\/p>\n\n\n\n<p>Michael Wieck verstarb am 27. Februar 2021<\/p>\n\n\n\n<figure class=\"wp-block-image size-large\"><img decoding=\"async\" width=\"960\" height=\"720\" src=\"https:\/\/jewsineastprussia.de\/wp-content\/uploads\/2021\/04\/Wieck-Buchtitel.jpg\" alt=\"\" class=\"wp-image-9375\" srcset=\"https:\/\/jewsineastprussia.de\/wp-content\/uploads\/2021\/04\/Wieck-Buchtitel.jpg 960w, https:\/\/jewsineastprussia.de\/wp-content\/uploads\/2021\/04\/Wieck-Buchtitel-300x225.jpg 300w, https:\/\/jewsineastprussia.de\/wp-content\/uploads\/2021\/04\/Wieck-Buchtitel-768x576.jpg 768w\" sizes=\"(max-width: 960px) 100vw, 960px\" \/><\/figure>\n","protected":false},"excerpt":{"rendered":"<p>Michael Wieck hatte bereits in den achtziger Jahren seine Erinnerungen an die\u00a0Zeit in K\u00f6nigsberg unter der NS-Herrschaft und der sowjetischen Besatzung ver\u00f6ffentlicht, bevor das Thema K\u00f6nigsberg durch die \u00d6ffnung des Gebietes in den Medien en vogue wurde.\u00a0Unerm\u00fcdlich ermunterte er auch fr\u00fchere Weggef\u00e4hrtinnen wie Hella Wertheim-Sass und Nechama Drober zur Niederschrift ihrer Erinnerungen. Das &#8222;Zeugnis vom [&hellip;]<\/p>\n","protected":false},"author":1,"featured_media":9373,"comment_status":"closed","ping_status":"closed","sticky":false,"template":"","format":"standard","meta":{"footnotes":""},"categories":[136,141,88],"tags":[],"class_list":["post-9380","post","type-post","status-publish","format-standard","has-post-thumbnail","hentry","category-personlichkeiten","category-veranstaltungen-de","category-vereinsnachrichten","entry","has-media"],"_links":{"self":[{"href":"https:\/\/jewsineastprussia.de\/de\/wp-json\/wp\/v2\/posts\/9380","targetHints":{"allow":["GET"]}}],"collection":[{"href":"https:\/\/jewsineastprussia.de\/de\/wp-json\/wp\/v2\/posts"}],"about":[{"href":"https:\/\/jewsineastprussia.de\/de\/wp-json\/wp\/v2\/types\/post"}],"author":[{"embeddable":true,"href":"https:\/\/jewsineastprussia.de\/de\/wp-json\/wp\/v2\/users\/1"}],"replies":[{"embeddable":true,"href":"https:\/\/jewsineastprussia.de\/de\/wp-json\/wp\/v2\/comments?post=9380"}],"version-history":[{"count":1,"href":"https:\/\/jewsineastprussia.de\/de\/wp-json\/wp\/v2\/posts\/9380\/revisions"}],"predecessor-version":[{"id":9382,"href":"https:\/\/jewsineastprussia.de\/de\/wp-json\/wp\/v2\/posts\/9380\/revisions\/9382"}],"wp:featuredmedia":[{"embeddable":true,"href":"https:\/\/jewsineastprussia.de\/de\/wp-json\/wp\/v2\/media\/9373"}],"wp:attachment":[{"href":"https:\/\/jewsineastprussia.de\/de\/wp-json\/wp\/v2\/media?parent=9380"}],"wp:term":[{"taxonomy":"category","embeddable":true,"href":"https:\/\/jewsineastprussia.de\/de\/wp-json\/wp\/v2\/categories?post=9380"},{"taxonomy":"post_tag","embeddable":true,"href":"https:\/\/jewsineastprussia.de\/de\/wp-json\/wp\/v2\/tags?post=9380"}],"curies":[{"name":"wp","href":"https:\/\/api.w.org\/{rel}","templated":true}]}}