{"id":9562,"date":"2021-08-17T23:43:35","date_gmt":"2021-08-17T21:43:35","guid":{"rendered":"https:\/\/jewsineastprussia.de\/?p=9562"},"modified":"2021-08-17T23:44:35","modified_gmt":"2021-08-17T21:44:35","slug":"abi-1937-in-koenigsberg","status":"publish","type":"post","link":"https:\/\/jewsineastprussia.de\/de\/abi-1937-in-koenigsberg\/","title":{"rendered":"Abi 1937 in K\u00f6nigsberg"},"content":{"rendered":"\n<figure class=\"wp-block-image size-large\"><img fetchpriority=\"high\" decoding=\"async\" width=\"1024\" height=\"714\" src=\"https:\/\/jewsineastprussia.de\/wp-content\/uploads\/2021\/08\/Klassenfoto1937-1024x714.jpg\" alt=\"\" class=\"wp-image-9563\" srcset=\"https:\/\/jewsineastprussia.de\/wp-content\/uploads\/2021\/08\/Klassenfoto1937-1024x714.jpg 1024w, https:\/\/jewsineastprussia.de\/wp-content\/uploads\/2021\/08\/Klassenfoto1937-300x209.jpg 300w, https:\/\/jewsineastprussia.de\/wp-content\/uploads\/2021\/08\/Klassenfoto1937-768x536.jpg 768w, https:\/\/jewsineastprussia.de\/wp-content\/uploads\/2021\/08\/Klassenfoto1937.jpg 1048w\" sizes=\"(max-width: 1024px) 100vw, 1024px\" \/><\/figure>\n\n\n\n<p>In der K\u00f6nigin-Luise-Schule K\u00f6nigsberg wurde am 9. M\u00e4rz 1937 dieses Bild von den Abiturientinnen der Klasse OIR gemacht. Wir zeigen es, weil hier die J\u00fcdin Marianne Klein als Ausnahme noch am Unterricht teilnehmen durfte. Ihr Vater, der K\u00f6nigsberger Kinderarzt Dr. Walter Klein diente als Frontk\u00e4mpfer im Ersten Weltkrieg, was ihn allerdings nicht davor sch\u00fctzte, sp\u00e4ter 1942 mit seiner Frau deportiert und in Minsk umgebracht zu werden. <\/p>\n\n\n\n<p>Auf dem Foto: (von links nach rechts, stehend): Renate Reichert, Erna Mellenthin, Ella Kerschensteiner, Elisabeth von Petzinger; (sitzend) Marianne Klein, Wolfhilde Conradt, Elfriede Anderson, Ursula-Rita Johannson (verh. Knackstedt).<\/p>\n\n\n\n<p>Von letzterer ist das Foto, es erschien im Ostpreu\u00dfenblatt im Jahr 1977. Erz\u00e4hlungen \u00fcber j\u00fcdische B\u00fcrger aus K\u00f6nigsberg nimmt der Verein dankbar entgegen: info@judeninostpreussen.de <\/p>\n","protected":false},"excerpt":{"rendered":"<p>In der K\u00f6nigin-Luise-Schule K\u00f6nigsberg wurde am 9. M\u00e4rz 1937 dieses Bild von den Abiturientinnen der Klasse OIR gemacht. Wir zeigen es, weil hier die J\u00fcdin Marianne Klein als Ausnahme noch am Unterricht teilnehmen durfte. Ihr Vater, der K\u00f6nigsberger Kinderarzt Dr. Walter Klein diente als Frontk\u00e4mpfer im Ersten Weltkrieg, was ihn allerdings nicht davor sch\u00fctzte, sp\u00e4ter [&hellip;]<\/p>\n","protected":false},"author":1,"featured_media":9564,"comment_status":"closed","ping_status":"closed","sticky":false,"template":"","format":"standard","meta":{"footnotes":""},"categories":[116],"tags":[],"class_list":["post-9562","post","type-post","status-publish","format-standard","has-post-thumbnail","hentry","category-koenigsberg-kaliningrad-de-2","entry","has-media"],"_links":{"self":[{"href":"https:\/\/jewsineastprussia.de\/de\/wp-json\/wp\/v2\/posts\/9562","targetHints":{"allow":["GET"]}}],"collection":[{"href":"https:\/\/jewsineastprussia.de\/de\/wp-json\/wp\/v2\/posts"}],"about":[{"href":"https:\/\/jewsineastprussia.de\/de\/wp-json\/wp\/v2\/types\/post"}],"author":[{"embeddable":true,"href":"https:\/\/jewsineastprussia.de\/de\/wp-json\/wp\/v2\/users\/1"}],"replies":[{"embeddable":true,"href":"https:\/\/jewsineastprussia.de\/de\/wp-json\/wp\/v2\/comments?post=9562"}],"version-history":[{"count":2,"href":"https:\/\/jewsineastprussia.de\/de\/wp-json\/wp\/v2\/posts\/9562\/revisions"}],"predecessor-version":[{"id":9567,"href":"https:\/\/jewsineastprussia.de\/de\/wp-json\/wp\/v2\/posts\/9562\/revisions\/9567"}],"wp:featuredmedia":[{"embeddable":true,"href":"https:\/\/jewsineastprussia.de\/de\/wp-json\/wp\/v2\/media\/9564"}],"wp:attachment":[{"href":"https:\/\/jewsineastprussia.de\/de\/wp-json\/wp\/v2\/media?parent=9562"}],"wp:term":[{"taxonomy":"category","embeddable":true,"href":"https:\/\/jewsineastprussia.de\/de\/wp-json\/wp\/v2\/categories?post=9562"},{"taxonomy":"post_tag","embeddable":true,"href":"https:\/\/jewsineastprussia.de\/de\/wp-json\/wp\/v2\/tags?post=9562"}],"curies":[{"name":"wp","href":"https:\/\/api.w.org\/{rel}","templated":true}]}}