{"id":9710,"date":"2021-11-06T00:52:50","date_gmt":"2021-11-05T23:52:50","guid":{"rendered":"https:\/\/jewsineastprussia.de\/the-death-march-of-palmnicken\/"},"modified":"2021-11-06T01:14:08","modified_gmt":"2021-11-06T00:14:08","slug":"the-death-march-of-palmnicken","status":"publish","type":"post","link":"https:\/\/jewsineastprussia.de\/de\/the-death-march-of-palmnicken\/","title":{"rendered":"Der Todesmarsch von Palmnicken"},"content":{"rendered":"\n<h4 class=\"wp-block-heading\">Mikrogeschichtliche Ann\u00e4herung an eine Gewalterfahrung im 20. Jahrhundert und ihre Aufarbeitung &#8211; in transnationaler Perspektive <br>Tagung &#8211; Mo, 8. November 2021 (Warschau und online)<\/h4>\n\n\n\n<p>Beginn um 10 Uhr (Polnische und deutsche Zeitzone) Details s. Program auf der Veranstalter Webseite <a rel=\"noreferrer noopener\" href=\"https:\/\/www.dhi.waw.pl\/veranstaltungen\/tagungen\/detail\/news\/der-todesmarsch-von-palmnicken-mikrogeschichtliche-annaeherung-an-eine-gewalterfahrung-im-20-jahrh.html\" target=\"_blank\">Link DHI web page<\/a> and <a rel=\"noreferrer noopener\" href=\"https:\/\/www.dhi.waw.pl\/fileadmin\/benutzerdaten\/dhi-waw-pl\/bilder\/DHI_Veranstaltungen\/Warsztaty_8-11-2021_ulotka_final.pdf\" target=\"_blank\">Link Programm<\/a><\/p>\n\n\n\n<p>Eine wichtige Veranstaltung zu Palmnicken, an der namhafte Wissenschaftler und Vertreter von den relevanten Institutionen und in der aktuellen Forschung t\u00e4tigen Personen teilnehmen und deren Wissensstand austauschen, wird vom Deutschen Historischen Institut organisiert.  <\/p>\n\n\n\n<div class=\"wp-block-image\"><figure class=\"alignleft size-large is-resized\"><img fetchpriority=\"high\" decoding=\"async\" src=\"https:\/\/jewsineastprussia.de\/wp-content\/uploads\/2021\/11\/Bild-TagungNOV21.jpg\" alt=\"Hands Memorial Palmnicken\" class=\"wp-image-9699\" width=\"303\" height=\"286\" srcset=\"https:\/\/jewsineastprussia.de\/wp-content\/uploads\/2021\/11\/Bild-TagungNOV21.jpg 606w, https:\/\/jewsineastprussia.de\/wp-content\/uploads\/2021\/11\/Bild-TagungNOV21-300x283.jpg 300w\" sizes=\"(max-width: 303px) 100vw, 303px\" \/><\/figure><\/div>\n\n\n\n<p>Jeder Interessierte kann an diesem Programm \u00fcber Zoom teilnehmen und es wird f\u00fcr Mehrsprachigkeit gesorgt. <br>Unter den  Vortragenden: Ostpreu\u00dfenspezialist und Autor Andreas Kossert, der Direktor der Stiftung Denkmal der ermordeten Juden Europa Uwe Neum\u00e4rker, vom Archiv des Museums KZ Stutthof Danuta Drywa, Forscher aus Berlin, M\u00fcnchen und St. Petersburg, die Tochter einer \u00dcberlebenden des Massakers am Strand. Organisiert wird die Veranstaltung vom DHI Warschau &#8211; Ruth Leiserowitz und Claudia Vollmer.<\/p>\n\n\n\n<p>Die Vortr\u00e4ge finden auf Deutsch, Englisch oder Polnisch statt.\u00a0 Alle \u00dcbersetzungen der Vortr\u00e4ge sind zum Herunterladen auf der DHI-Webseite zu finden:  <\/p>\n\n\n\n<figure class=\"wp-block-image size-large\"><img decoding=\"async\" width=\"1024\" height=\"528\" src=\"https:\/\/jewsineastprussia.de\/wp-content\/uploads\/2021\/11\/Download-paper-1024x528.jpg\" alt=\"\" class=\"wp-image-9702\" srcset=\"https:\/\/jewsineastprussia.de\/wp-content\/uploads\/2021\/11\/Download-paper-1024x528.jpg 1024w, https:\/\/jewsineastprussia.de\/wp-content\/uploads\/2021\/11\/Download-paper-300x155.jpg 300w, https:\/\/jewsineastprussia.de\/wp-content\/uploads\/2021\/11\/Download-paper-768x396.jpg 768w, https:\/\/jewsineastprussia.de\/wp-content\/uploads\/2021\/11\/Download-paper.jpg 1221w\" sizes=\"(max-width: 1024px) 100vw, 1024px\" \/><\/figure>\n\n\n\n<figure class=\"wp-block-image size-large\"><img decoding=\"async\" width=\"716\" height=\"1024\" src=\"https:\/\/jewsineastprussia.de\/wp-content\/uploads\/2021\/11\/2021.11.08_Palmnicken_Workshop-716x1024.png\" alt=\"\" class=\"wp-image-9705\" srcset=\"https:\/\/jewsineastprussia.de\/wp-content\/uploads\/2021\/11\/2021.11.08_Palmnicken_Workshop-716x1024.png 716w, https:\/\/jewsineastprussia.de\/wp-content\/uploads\/2021\/11\/2021.11.08_Palmnicken_Workshop-210x300.png 210w, https:\/\/jewsineastprussia.de\/wp-content\/uploads\/2021\/11\/2021.11.08_Palmnicken_Workshop-768x1098.png 768w, https:\/\/jewsineastprussia.de\/wp-content\/uploads\/2021\/11\/2021.11.08_Palmnicken_Workshop-1074x1536.png 1074w, https:\/\/jewsineastprussia.de\/wp-content\/uploads\/2021\/11\/2021.11.08_Palmnicken_Workshop.png 1126w\" sizes=\"(max-width: 716px) 100vw, 716px\" \/><\/figure>\n\n\n\n<p><a rel=\"noreferrer noopener\" href=\"https:\/\/www.dhi.waw.pl\/veranstaltungen\/tagungen\/detail\/news\/der-todesmarsch-von-palmnicken-mikrogeschichtliche-annaeherung-an-eine-gewalterfahrung-im-20-jahrh.html\" target=\"_blank\">Link zum Deutschen Historischen Institut Warschau<\/a><\/p>\n","protected":false},"excerpt":{"rendered":"<p>Eine wichtige Veranstaltung am 8. November zu Palmnicken, an der namhafte Wissenschaftler und Vertreter von den relevanten Institutionen und in der aktuellen Forschung t\u00e4tigen Personen teilnehmen und deren Wissensstand austauschen &#8230;&#8230;.<\/p>\n","protected":false},"author":1,"featured_media":9700,"comment_status":"closed","ping_status":"closed","sticky":false,"template":"","format":"standard","meta":{"footnotes":""},"categories":[139,135,73,141],"tags":[],"class_list":["post-9710","post","type-post","status-publish","format-standard","has-post-thumbnail","hentry","category-holocaust-und-verfolgung-de","category-kaliningrad-region-russia-de","category-polen","category-veranstaltungen-de","entry","has-media"],"_links":{"self":[{"href":"https:\/\/jewsineastprussia.de\/de\/wp-json\/wp\/v2\/posts\/9710","targetHints":{"allow":["GET"]}}],"collection":[{"href":"https:\/\/jewsineastprussia.de\/de\/wp-json\/wp\/v2\/posts"}],"about":[{"href":"https:\/\/jewsineastprussia.de\/de\/wp-json\/wp\/v2\/types\/post"}],"author":[{"embeddable":true,"href":"https:\/\/jewsineastprussia.de\/de\/wp-json\/wp\/v2\/users\/1"}],"replies":[{"embeddable":true,"href":"https:\/\/jewsineastprussia.de\/de\/wp-json\/wp\/v2\/comments?post=9710"}],"version-history":[{"count":3,"href":"https:\/\/jewsineastprussia.de\/de\/wp-json\/wp\/v2\/posts\/9710\/revisions"}],"predecessor-version":[{"id":9714,"href":"https:\/\/jewsineastprussia.de\/de\/wp-json\/wp\/v2\/posts\/9710\/revisions\/9714"}],"wp:featuredmedia":[{"embeddable":true,"href":"https:\/\/jewsineastprussia.de\/de\/wp-json\/wp\/v2\/media\/9700"}],"wp:attachment":[{"href":"https:\/\/jewsineastprussia.de\/de\/wp-json\/wp\/v2\/media?parent=9710"}],"wp:term":[{"taxonomy":"category","embeddable":true,"href":"https:\/\/jewsineastprussia.de\/de\/wp-json\/wp\/v2\/categories?post=9710"},{"taxonomy":"post_tag","embeddable":true,"href":"https:\/\/jewsineastprussia.de\/de\/wp-json\/wp\/v2\/tags?post=9710"}],"curies":[{"name":"wp","href":"https:\/\/api.w.org\/{rel}","templated":true}]}}